{"id":20798,"date":"2026-04-13T23:45:43","date_gmt":"2026-04-13T23:45:43","guid":{"rendered":"https:\/\/www.loasisdeceline.fr\/?p=20798"},"modified":"2026-04-23T22:54:18","modified_gmt":"2026-04-23T22:54:18","slug":"culpabilite-maman-mere","status":"publish","type":"post","link":"https:\/\/www.loasisdeceline.fr\/es\/culpabilite-maman-mere\/","title":{"rendered":"Culpa en la maternidad: por qu\u00e9 te sientes siempre culpable (y c\u00f3mo salir de ello)"},"content":{"rendered":"<div data-elementor-type=\"wp-post\" data-elementor-id=\"20798\" class=\"elementor elementor-20798\">\n\t\t\t\t<div class=\"elementor-element elementor-element-03d0c24 e-flex e-con-boxed wpr-particle-no wpr-jarallax-no wpr-parallax-no wpr-sticky-section-no wpr-equal-height-no e-con e-parent\" data-id=\"03d0c24\" data-element_type=\"container\" data-e-type=\"container\">\n\t\t\t\t\t<div class=\"e-con-inner\">\n\t\t\t\t<div class=\"elementor-element elementor-element-20dc0a6 elementor-widget elementor-widget-image\" data-id=\"20dc0a6\" data-element_type=\"widget\" data-e-type=\"widget\" data-widget_type=\"image.default\">\n\t\t\t\t<div class=\"elementor-widget-container\">\n\t\t\t\t\t\t\t\t\t\t\t\t\t\t\t<img fetchpriority=\"high\" decoding=\"async\" width=\"960\" height=\"640\" src=\"https:\/\/www.loasisdeceline.fr\/wp-content\/uploads\/2026\/04\/culpabilite-maman.png\" class=\"attachment-large size-large wp-image-20801\" alt=\"madre culpabilidad culpabilite m\u00e8re\" srcset=\"https:\/\/www.loasisdeceline.fr\/wp-content\/uploads\/2026\/04\/culpabilite-maman.png 960w, https:\/\/www.loasisdeceline.fr\/wp-content\/uploads\/2026\/04\/culpabilite-maman-300x200.png 300w, https:\/\/www.loasisdeceline.fr\/wp-content\/uploads\/2026\/04\/culpabilite-maman-768x512.png 768w, https:\/\/www.loasisdeceline.fr\/wp-content\/uploads\/2026\/04\/culpabilite-maman-18x12.png 18w\" sizes=\"(max-width: 960px) 100vw, 960px\" \/>\t\t\t\t\t\t\t\t\t\t\t\t\t\t\t<\/div>\n\t\t\t\t<\/div>\n\t\t\t\t\t<\/div>\n\t\t\t\t<\/div>\n\t\t<div class=\"elementor-element elementor-element-2780e5d e-flex e-con-boxed wpr-particle-no wpr-jarallax-no wpr-parallax-no wpr-sticky-section-no wpr-equal-height-no e-con e-parent\" data-id=\"2780e5d\" data-element_type=\"container\" data-e-type=\"container\">\n\t\t\t\t\t<div class=\"e-con-inner\">\n\t\t\t\t<div class=\"elementor-element elementor-element-808fcc9 elementor-widget elementor-widget-text-editor\" data-id=\"808fcc9\" data-element_type=\"widget\" data-e-type=\"widget\" data-widget_type=\"text-editor.default\">\n\t\t\t\t<div class=\"elementor-widget-container\">\n\t\t\t\t\t\t\t\t\t<p><img decoding=\"async\" class=\"emoji\" role=\"img\" draggable=\"false\" src=\"https:\/\/s.w.org\/images\/core\/emoji\/17.0.2\/svg\/23f1.svg\" alt=\"\u23f1\ufe0f\" \/>3 min<\/p>\t\t\t\t\t\t\t\t<\/div>\n\t\t\t\t<\/div>\n\t\t\t\t<div class=\"elementor-element elementor-element-04f260e elementor-widget elementor-widget-text-editor\" data-id=\"04f260e\" data-element_type=\"widget\" data-e-type=\"widget\" data-widget_type=\"text-editor.default\">\n\t\t\t\t<div class=\"elementor-widget-container\">\n\t\t\t\t\t\t\t\t\t<p><strong><em>La culpa en la maternidad seguramente ya la conoces.<\/em><\/strong><\/p><p><em>Lo est\u00e1s haciendo lo mejor que puedes.\nCuidas de tu beb\u00e9, gestionas tu d\u00eda a d\u00eda, te adaptas constantemente.\nY, aun as\u00ed, hay esa sensaci\u00f3n que vuelve.\n\nCulpa.\nNo est\u00e1s lo suficientemente presente.\nDemasiado cansada.\nNo lo suficientemente paciente.\nDemasiado tiempo con el m\u00f3vil.\nNo lo suficientemente disponible. <\/em><\/p><p><em><strong>Hagas lo que hagas, siempre parece haber un lugar donde sientes que no est\u00e1s a la altura.<\/strong> En realidad, esta culpa no surge de la nada. Y, sobre todo, no desaparece simplemente decidiendo \u201csoltar\u201d.<\/em><\/p>\t\t\t\t\t\t\t\t<\/div>\n\t\t\t\t<\/div>\n\t\t\t\t\t<\/div>\n\t\t\t\t<\/div>\n\t\t<div class=\"elementor-element elementor-element-6cf5249 e-flex e-con-boxed wpr-particle-no wpr-jarallax-no wpr-parallax-no wpr-sticky-section-no wpr-equal-height-no e-con e-parent\" data-id=\"6cf5249\" data-element_type=\"container\" data-e-type=\"container\">\n\t\t\t\t\t<div class=\"e-con-inner\">\n\t\t\t\t<div class=\"elementor-element elementor-element-492e53a elementor-widget elementor-widget-heading\" data-id=\"492e53a\" data-element_type=\"widget\" data-e-type=\"widget\" data-widget_type=\"heading.default\">\n\t\t\t\t<div class=\"elementor-widget-container\">\n\t\t\t\t\t<h2 class=\"elementor-heading-title elementor-size-default\">Por qu\u00e9 sientes tanta culpa como madre<\/h2>\t\t\t\t<\/div>\n\t\t\t\t<\/div>\n\t\t\t\t<div class=\"elementor-element elementor-element-cdeb1be elementor-widget elementor-widget-text-editor\" data-id=\"cdeb1be\" data-element_type=\"widget\" data-e-type=\"widget\" data-widget_type=\"text-editor.default\">\n\t\t\t\t<div class=\"elementor-widget-container\">\n\t\t\t\t\t\t\t\t\t<p>Convertirse en madre suele ir acompa\u00f1ado de un nivel de exigencia muy alto.\nQuieres hacerlo bien, responder a las necesidades de tu beb\u00e9, estar presente, ser suave, disponible.\nPero estas expectativas a veces son irreales. Se acumulan sin que te des cuenta.<\/p><p><strong>Con el tiempo, cada desajuste se convierte en una falta.<\/strong> Cada momento de impaciencia, cada cansancio, cada necesidad propia se percibe como un fallo. <strong>Y la culpa se instala.<\/strong><\/p>\t\t\t\t\t\t\t\t<\/div>\n\t\t\t\t<\/div>\n\t\t\t\t<div class=\"elementor-element elementor-element-7f41b86 elementor-widget elementor-widget-heading\" data-id=\"7f41b86\" data-element_type=\"widget\" data-e-type=\"widget\" data-widget_type=\"heading.default\">\n\t\t\t\t<div class=\"elementor-widget-container\">\n\t\t\t\t\t<h2 class=\"elementor-heading-title elementor-size-default\">Una presi\u00f3n constante, a menudo invisible<\/h2>\t\t\t\t<\/div>\n\t\t\t\t<\/div>\n\t\t\t\t<div class=\"elementor-element elementor-element-c44705e elementor-widget elementor-widget-text-editor\" data-id=\"c44705e\" data-element_type=\"widget\" data-e-type=\"widget\" data-widget_type=\"text-editor.default\">\n\t\t\t\t<div class=\"elementor-widget-container\">\n\t\t\t\t\t\t\t\t\t<p>La culpa no viene solo de ti. Tambi\u00e9n se alimenta del exterior. Los consejos no solicitados, las comparaciones, las im\u00e1genes idealizadas de la maternidad, los discursos sobre la \u201cbuena madre\u201d. <strong>Incluso cuando no se dice nada directamente, esa presi\u00f3n est\u00e1 ah\u00ed.<\/strong><\/p><p>Se infiltra en tus pensamientos y cambia la forma en la que te juzgas.\nAcabas integrando expectativas que no siempre son tuyas.<\/p>\t\t\t\t\t\t\t\t<\/div>\n\t\t\t\t<\/div>\n\t\t\t\t<div class=\"elementor-element elementor-element-756d46c elementor-widget elementor-widget-heading\" data-id=\"756d46c\" data-element_type=\"widget\" data-e-type=\"widget\" data-widget_type=\"heading.default\">\n\t\t\t\t<div class=\"elementor-widget-container\">\n\t\t\t\t\t<h2 class=\"elementor-heading-title elementor-size-default\">Por qu\u00e9 sientes que nunca es suficiente<\/h2>\t\t\t\t<\/div>\n\t\t\t\t<\/div>\n\t\t\t\t<div class=\"elementor-element elementor-element-1abbc25 elementor-widget elementor-widget-text-editor\" data-id=\"1abbc25\" data-element_type=\"widget\" data-e-type=\"widget\" data-widget_type=\"text-editor.default\">\n\t\t\t\t<div class=\"elementor-widget-container\">\n\t\t\t\t\t\t\t\t\t<p>La maternidad est\u00e1 en movimiento constante.\nNo hay un momento en el que todo est\u00e9 \u201checho\u201d.\n\nTu beb\u00e9 crece, sus necesidades cambian, las situaciones evolucionan.\nEn este contexto, es dif\u00edcil sentir que has cumplido.\nSiempre hay algo que anticipar, ajustar o mejorar.<\/p><p><strong>Esta din\u00e1mica alimenta la idea de que podr\u00edas hacerlo mejor. <\/strong>Incluso cuando ya est\u00e1s haciendo mucho.<\/p>\t\t\t\t\t\t\t\t<\/div>\n\t\t\t\t<\/div>\n\t\t\t\t<div class=\"elementor-element elementor-element-8627efd elementor-widget elementor-widget-image\" data-id=\"8627efd\" data-element_type=\"widget\" data-e-type=\"widget\" data-widget_type=\"image.default\">\n\t\t\t\t<div class=\"elementor-widget-container\">\n\t\t\t\t\t\t\t\t\t\t\t\t\t\t\t<img decoding=\"async\" width=\"960\" height=\"640\" src=\"https:\/\/www.loasisdeceline.fr\/wp-content\/uploads\/2026\/04\/IMAGES-BLOG-8.png\" class=\"attachment-large size-large wp-image-21091\" alt=\"pression maternit\u00e9 attentes m\u00e8re parfaite\" srcset=\"https:\/\/www.loasisdeceline.fr\/wp-content\/uploads\/2026\/04\/IMAGES-BLOG-8.png 960w, https:\/\/www.loasisdeceline.fr\/wp-content\/uploads\/2026\/04\/IMAGES-BLOG-8-300x200.png 300w, https:\/\/www.loasisdeceline.fr\/wp-content\/uploads\/2026\/04\/IMAGES-BLOG-8-768x512.png 768w, https:\/\/www.loasisdeceline.fr\/wp-content\/uploads\/2026\/04\/IMAGES-BLOG-8-18x12.png 18w\" sizes=\"(max-width: 960px) 100vw, 960px\" \/>\t\t\t\t\t\t\t\t\t\t\t\t\t\t\t<\/div>\n\t\t\t\t<\/div>\n\t\t\t\t<div class=\"elementor-element elementor-element-b482372 elementor-widget elementor-widget-heading\" data-id=\"b482372\" data-element_type=\"widget\" data-e-type=\"widget\" data-widget_type=\"heading.default\">\n\t\t\t\t<div class=\"elementor-widget-container\">\n\t\t\t\t\t<h2 class=\"elementor-heading-title elementor-size-default\">Lo que la culpa est\u00e1 intentando decir<\/h2>\t\t\t\t<\/div>\n\t\t\t\t<\/div>\n\t\t\t\t<div class=\"elementor-element elementor-element-a371e80 elementor-widget elementor-widget-text-editor\" data-id=\"a371e80\" data-element_type=\"widget\" data-e-type=\"widget\" data-widget_type=\"text-editor.default\">\n\t\t\t\t<div class=\"elementor-widget-container\">\n\t\t\t\t\t\t\t\t\t<p>Esta culpa materna no es necesariamente una se\u00f1al de que lo est\u00e1s haciendo mal. Puede simplemente mostrar que est\u00e1s implicada, que te importa tu hijo y su bienestar. <strong>Pero cuando se vuelve constante,<\/strong> pierde su funci\u00f3n inicial.<\/p><p>Ya no sirve para ajustar. Se convierte en un peso. Y te mantiene en un cuestionamiento permanente <strong>que te agota m\u00e1s de lo que te ayuda.<\/strong><\/p>\t\t\t\t\t\t\t\t<\/div>\n\t\t\t\t<\/div>\n\t\t\t\t<div class=\"elementor-element elementor-element-0b67050 elementor-widget elementor-widget-heading\" data-id=\"0b67050\" data-element_type=\"widget\" data-e-type=\"widget\" data-widget_type=\"heading.default\">\n\t\t\t\t<div class=\"elementor-widget-container\">\n\t\t\t\t\t<h2 class=\"elementor-heading-title elementor-size-default\">Salir de la culpa sin forzarte<\/h2>\t\t\t\t<\/div>\n\t\t\t\t<\/div>\n\t\t\t\t<div class=\"elementor-element elementor-element-b61daed elementor-widget elementor-widget-text-editor\" data-id=\"b61daed\" data-element_type=\"widget\" data-e-type=\"widget\" data-widget_type=\"text-editor.default\">\n\t\t\t\t<div class=\"elementor-widget-container\">\n\t\t\t\t\t\t\t\t\t<p>Decirte que dejes de sentir culpa no funciona. En cambio, entender qu\u00e9 alimenta esa culpa permite <strong>tomar distancia<\/strong>.<\/p><p>Identificar las expectativas irreales, volver a lo concreto en tu d\u00eda a d\u00eda y aceptar que todo no puede ser perfecto son los primeros pasos. <strong>No se trata de convertirte en una madre ideal<\/strong>, sino de recuperar un equilibrio m\u00e1s justo.<\/p>\t\t\t\t\t\t\t\t<\/div>\n\t\t\t\t<\/div>\n\t\t\t\t<div class=\"elementor-element elementor-element-2bbbe4f elementor-widget elementor-widget-heading\" data-id=\"2bbbe4f\" data-element_type=\"widget\" data-e-type=\"widget\" data-widget_type=\"heading.default\">\n\t\t\t\t<div class=\"elementor-widget-container\">\n\t\t\t\t\t<h2 class=\"elementor-heading-title elementor-size-default\">Volver a poner matices en tu papel de madre<\/h2>\t\t\t\t<\/div>\n\t\t\t\t<\/div>\n\t\t\t\t<div class=\"elementor-element elementor-element-542813c elementor-widget elementor-widget-text-editor\" data-id=\"542813c\" data-element_type=\"widget\" data-e-type=\"widget\" data-widget_type=\"text-editor.default\">\n\t\t\t\t<div class=\"elementor-widget-container\">\n\t\t\t\t\t\t\t\t\t<p><span style=\"font-size: 16px;\">Ser madre no significa ser perfecta. Puedes estar cansada, irritada, menos disponible algunos d\u00edas y seguir siendo una madre presente. <strong>El v\u00ednculo no se construye en la perfecci\u00f3n<\/strong>, sino en la continuidad. Es lo que ocurre a lo largo del tiempo lo que cuenta, no cada momento aislado. <\/span><\/p><p><span style=\"font-size: 16px;\">Por eso, <strong>volver a introducir matices permite soltar la presi\u00f3n<\/strong> y salir de una visi\u00f3n demasiado r\u00edgida de la maternidad.<\/span><\/p>\t\t\t\t\t\t\t\t<\/div>\n\t\t\t\t<\/div>\n\t\t\t\t<div class=\"elementor-element elementor-element-cba5907 elementor-widget elementor-widget-image\" data-id=\"cba5907\" data-element_type=\"widget\" data-e-type=\"widget\" data-widget_type=\"image.default\">\n\t\t\t\t<div class=\"elementor-widget-container\">\n\t\t\t\t\t\t\t\t\t\t\t\t\t\t\t<img decoding=\"async\" width=\"960\" height=\"640\" src=\"https:\/\/www.loasisdeceline.fr\/wp-content\/uploads\/2026\/04\/IMAGES-BLOG-9.png\" class=\"attachment-large size-large wp-image-21090\" alt=\"m\u00e8re \u00e9puis\u00e9e culpabilit\u00e9 charge mentale\" srcset=\"https:\/\/www.loasisdeceline.fr\/wp-content\/uploads\/2026\/04\/IMAGES-BLOG-9.png 960w, https:\/\/www.loasisdeceline.fr\/wp-content\/uploads\/2026\/04\/IMAGES-BLOG-9-300x200.png 300w, https:\/\/www.loasisdeceline.fr\/wp-content\/uploads\/2026\/04\/IMAGES-BLOG-9-768x512.png 768w, https:\/\/www.loasisdeceline.fr\/wp-content\/uploads\/2026\/04\/IMAGES-BLOG-9-18x12.png 18w\" sizes=\"(max-width: 960px) 100vw, 960px\" \/>\t\t\t\t\t\t\t\t\t\t\t\t\t\t\t<\/div>\n\t\t\t\t<\/div>\n\t\t\t\t\t<\/div>\n\t\t\t\t<\/div>\n\t\t<div class=\"elementor-element elementor-element-80d2032 e-flex e-con-boxed wpr-particle-no wpr-jarallax-no wpr-parallax-no wpr-sticky-section-no wpr-equal-height-no e-con e-parent\" data-id=\"80d2032\" data-element_type=\"container\" data-e-type=\"container\">\n\t\t\t\t\t<div class=\"e-con-inner\">\n\t\t\t\t<div class=\"elementor-element elementor-element-6c89afe elementor-widget elementor-widget-text-editor\" data-id=\"6c89afe\" data-element_type=\"widget\" data-e-type=\"widget\" data-widget_type=\"text-editor.default\">\n\t\t\t\t<div class=\"elementor-widget-container\">\n\t\t\t\t\t\t\t\t\t<p><strong>La culpa en la maternidad es frecuente, pero no es una fatalidad.\nSuele aparecer cuando las expectativas son demasiado altas y la realidad no puede sostenerlas. <\/strong><\/p><p><strong>Entender este mecanismo ya permite tomar distancia.\nY poco a poco, salir de ese ciclo.<\/strong><\/p><p>Si esta sensaci\u00f3n ocupa demasiado espacio en tu d\u00eda a d\u00eda, puedes regalarte un espacio para poner palabras a lo que est\u00e1s viviendo y recuperar m\u00e1s calma en tu papel de madre.<\/p>\t\t\t\t\t\t\t\t<\/div>\n\t\t\t\t<\/div>\n\t\t\t\t<div class=\"elementor-element elementor-element-efce513 elementor-widget elementor-widget-button\" data-id=\"efce513\" data-element_type=\"widget\" data-e-type=\"widget\" data-widget_type=\"button.default\">\n\t\t\t\t<div class=\"elementor-widget-container\">\n\t\t\t\t\t\t\t\t\t<div class=\"elementor-button-wrapper\">\n\t\t\t\t\t<a class=\"elementor-button elementor-button-link elementor-size-sm\" href=\"https:\/\/www.loasisdeceline.fr\/es\/contact-doula-grossesse-gironde\/\">\n\t\t\t\t\t\t<span class=\"elementor-button-content-wrapper\">\n\t\t\t\t\t\t\t\t\t<span class=\"elementor-button-text\">\u00a1Por aqu\u00ed!<\/span>\n\t\t\t\t\t<\/span>\n\t\t\t\t\t<\/a>\n\t\t\t\t<\/div>\n\t\t\t\t\t\t\t\t<\/div>\n\t\t\t\t<\/div>\n\t\t\t\t\t<\/div>\n\t\t\t\t<\/div>\n\t\t<div class=\"elementor-element elementor-element-5875306 e-flex e-con-boxed wpr-particle-no wpr-jarallax-no wpr-parallax-no wpr-sticky-section-no wpr-equal-height-no e-con e-parent\" data-id=\"5875306\" data-element_type=\"container\" data-e-type=\"container\">\n\t\t\t\t\t<div class=\"e-con-inner\">\n\t\t\t\t<div class=\"elementor-element elementor-element-d2e7015 elementor-widget elementor-widget-heading\" data-id=\"d2e7015\" data-element_type=\"widget\" data-e-type=\"widget\" data-widget_type=\"heading.default\">\n\t\t\t\t<div class=\"elementor-widget-container\">\n\t\t\t\t\t<h3 class=\"elementor-heading-title elementor-size-default\">Recursos y apoyo si te sientes en dificultad<\/h3>\t\t\t\t<\/div>\n\t\t\t\t<\/div>\n\t\t\t\t<div class=\"elementor-element elementor-element-9e9350c elementor-widget elementor-widget-text-editor\" data-id=\"9e9350c\" data-element_type=\"widget\" data-e-type=\"widget\" data-widget_type=\"text-editor.default\">\n\t\t\t\t<div class=\"elementor-widget-container\">\n\t\t\t\t\t\t\t\t\t<p data-start=\"57\" data-end=\"228\">Si la soledad se vuelve pesada, invasiva, o sientes que te est\u00e1s hundiendo, existen recursos concretos a los que puedes acudir. No tienes que gestionar esto sola.<\/p><p data-start=\"230\" data-end=\"438\"><a href=\"https:\/\/www.maman-blues.fr\/\"><strong>La Asociaci\u00f3n Maman Blues<\/strong><\/a> (Francia) y <a href=\"https:\/\/asociacionpsicologiaperinatal.es\/\"><strong>la Asociaci\u00f3n Espa\u00f1ola de Psicolog\u00eda Perinatal (AEPP) <\/strong><\/a>(Espa\u00f1a) propone un espacio dedicado a la experiencia del posparto: testimonios, foro, grupos de apoyo y l\u00ednea de escucha. Puedes encontrar palabras para lo que est\u00e1s viviendo y, sobre todo, un eco.<\/p><p data-start=\"440\" data-end=\"745\">Si aparecen pensamientos muy oscuros, especialmente ideas suicidas, contacta inmediatamente con el <strong data-start=\"541\" data-end=\"549\"><a href=\"https:\/\/3114.fr\/\">3114<\/a> (Francia) <\/strong>y el<strong data-start=\"541\" data-end=\"549\"><a href=\"https:\/\/www.sanidad.gob.es\/linea024\/home.htm\"> 024<\/a> (Espa\u00f1a)<\/strong>. Es el n\u00famero nacional de prevenci\u00f3n del suicidio, disponible 24h\/24, gratuito, con profesionales formados para escucharte y acompa\u00f1arte. Es una urgencia, y tu seguridad es lo primero.<\/p><p data-start=\"747\" data-end=\"1001\">Tambi\u00e9n puedes beneficiarte de un acompa\u00f1amiento con un\/a psic\u00f3logo\/a (en Francia, a trav\u00e9s del dispositivo <a href=\"https:\/\/www.ameli.fr\/assure\/remboursements\/rembourse\/remboursement-seance-psychologue-mon-soutien-psy\"><strong data-start=\"830\" data-end=\"848\">MonParcoursPsy <\/strong><\/a>que permite acceder a sesiones cubiertas).\nHablar con un\/a profesional puede ayudarte a dar sentido a lo que est\u00e1s viviendo y a no quedarte sola con ello.<\/p><p data-start=\"1003\" data-end=\"1123\" data-is-last-node=\"\" data-is-only-node=\"\"><strong>Pedir ayuda no significa que no puedas.<\/strong><br data-start=\"1061\" data-end=\"1064\" \/><strong>Significa que est\u00e1s tomando en serio lo que est\u00e1s atravesando.<\/strong><\/p>\t\t\t\t\t\t\t\t<\/div>\n\t\t\t\t<\/div>\n\t\t\t\t\t<\/div>\n\t\t\t\t<\/div>\n\t\t\t\t<\/div>","protected":false},"excerpt":{"rendered":"<p>3 mn La culpabilit\u00e9 chez la m\u00e8re, tu la connais s\u00fbrement d\u00e9j\u00e0. Tu fais de ton mieux. Tu t\u2019occupes de ton enfant, tu g\u00e8res ton quotidien, tu t\u2019adaptes en permanence. Et pourtant, il y a cette sensation qui revient. Tu culpabilises. Pas assez pr\u00e9sente. Trop fatigu\u00e9e. Pas assez patiente. Trop sur ton t\u00e9l\u00e9phone. Pas assez disponible. Quoi que tu fasses, il semble toujours y avoir un endroit o\u00f9 tu penses ne pas \u00eatre \u00e0 la hauteur. En r\u00e9alit\u00e9, cette culpabilit\u00e9 ne vient pas de nulle part. Et surtout, elle ne dispara\u00eet pas simplement en d\u00e9cidant de \u201cl\u00e2cher prise\u201d. Pourquoi tu ressens autant de culpabilit\u00e9 en tant que maman Devenir m\u00e8re s\u2019accompagne souvent d\u2019un niveau d\u2019exigence tr\u00e8s \u00e9lev\u00e9. Tu veux bien faire, r\u00e9pondre aux besoins de ton enfant, \u00eatre pr\u00e9sente, douce, disponible. Mais ces attentes sont parfois irr\u00e9alistes. Elles s\u2019accumulent sans que tu t\u2019en rendes compte. \u00c0 force, chaque \u00e9cart devient une faute. Chaque moment d\u2019impatience, chaque fatigue, chaque besoin pour toi-m\u00eame est per\u00e7u comme un manquement. Et la culpabilit\u00e9 s\u2019installe. Une pression constante, souvent invisible La culpabilit\u00e9 ne vient pas uniquement de toi. Elle est nourrie par l\u2019ext\u00e9rieur. Les conseils non sollicit\u00e9s, les comparaisons, les images id\u00e9alis\u00e9es de la maternit\u00e9, les discours sur la \u201cbonne m\u00e8re\u201d. M\u00eame quand rien n\u2019est dit directement, cette pression est l\u00e0. Elle s\u2019infiltre dans tes pens\u00e9es et influence la mani\u00e8re dont tu te juges. Tu finis par int\u00e9grer des attentes qui ne sont pas forc\u00e9ment les tiennes. Pourquoi tu as l\u2019impression de ne jamais en faire assez La maternit\u00e9 est un mouvement permanent. Il n\u2019y a pas de moment o\u00f9 tout est \u201cfait\u201d. Ton enfant grandit, ses besoins \u00e9voluent, les situations changent. Dans ce contexte, il est difficile de ressentir un sentiment d\u2019accomplissement. Il y a toujours quelque chose \u00e0 anticiper, \u00e0 ajuster, \u00e0 am\u00e9liorer. Et cette dynamique entretient l\u2019id\u00e9e que tu pourrais toujours faire mieux. M\u00eame quand tu fais d\u00e9j\u00e0 beaucoup. Ce que la culpabilit\u00e9 vient vraiment dire Cette culpabilit\u00e9 la m\u00e8re n\u2019est pas forc\u00e9ment le signe que tu fais mal. Elle peut simplement montrer que tu es impliqu\u00e9e, que tu te soucies de ton enfant et de son bien-\u00eatre. Mais aussi elle devient constante, elle perd son r\u00f4le initial. Elle ne sert plus \u00e0 ajuster. Elle devient un poids. Et elle te maintient dans une remise en question permanente et elle t&rsquo;\u00e9puise plus qu\u2019elle n\u2019aide. Sortir de la culpabilit\u00e9 sans se forcer Se dire d\u2019arr\u00eater de culpabiliser ne fonctionne pas. En revanche, comprendre ce qui alimente cette culpabilit\u00e9 permet de prendre du recul. Identifier les attentes irr\u00e9alistes, remettre du concret dans ton quotidien et accepter que tout ne peut pas \u00eatre parfait, ce sont les premi\u00e8res \u00e9tapes. Il ne s\u2019agit pas de devenir une m\u00e8re id\u00e9ale, mais de retrouver un \u00e9quilibre plus juste. Remettre de la nuance dans ton r\u00f4le de m\u00e8re En revanche, \u00eatre m\u00e8re ne signifie pas \u00eatre parfaite. Tu peux \u00eatre fatigu\u00e9e, agac\u00e9e, moins disponible certains jours, et rester une m\u00e8re pr\u00e9sente. Le lien ne se construit pas dans la perfection, mais dans la continuit\u00e9. C\u2019est ce qui se passe sur la dur\u00e9e qui compte, pas chaque moment isol\u00e9. Donc, remettre de la nuance permet de rel\u00e2cher la pression et de sortir d\u2019une vision trop rigide de la maternit\u00e9. Enfin, la culpabilit\u00e9 en tant que m\u00e8re est fr\u00e9quente, mais elle n\u2019est pas une fatalit\u00e9. Elle appara\u00eet souvent l\u00e0 o\u00f9 les attentes sont trop \u00e9lev\u00e9es et o\u00f9 la r\u00e9alit\u00e9 ne peut pas suivre. Comprendre ce m\u00e9canisme permet d\u00e9j\u00e0 de prendre de la distance. Et progressivement, de sortir de ce cycle. Si ce sentiment prend trop de place dans ton quotidien, tu peux t\u2019offrir un espace pour poser ce que tu vis et retrouver plus de calme dans ton r\u00f4le de m\u00e8re. Par ici ! Ressources et aides si tu te sens en difficult\u00e9 Si la solitude devient lourde, envahissante, ou que tu sens que tu t\u2019enfonces, il existe des ressources concr\u00e8tes vers lesquelles te tourner. Tu n\u2019as pas \u00e0 g\u00e9rer \u00e7a seule. L\u2019association Maman Blues (France) et la Asociaci\u00f3n Espa\u00f1ola de Psicolog\u00eda Perinatal (AEPP) (Espagne) propose un espace d\u00e9di\u00e9 au v\u00e9cu du post-partum : t\u00e9moignages, forum, groupes de parole et ligne d\u2019\u00e9coute. Tu peux y trouver des mots sur ce que tu traverses et, surtout, un \u00e9cho. Si des pens\u00e9es tr\u00e8s sombres apparaissent, notamment des id\u00e9es suicidaires, contacte imm\u00e9diatement le 3114 (France) et le 024 (Espagne). C\u2019est le num\u00e9ro national de pr\u00e9vention du suicide, accessible 24h\/24, gratuit, avec des professionnels form\u00e9s pour t\u2019\u00e9couter et t\u2019accompagner. C\u2019est une urgence, et ta s\u00e9curit\u00e9 passe avant tout. Tu peux aussi b\u00e9n\u00e9ficier d\u2019un accompagnement avec un psychologue ( en France, via le dispositif MonParcoursPsy qui permet l\u2019acc\u00e8s \u00e0 des s\u00e9ances prises en charge). Parler \u00e0 un professionnel peut aider \u00e0 remettre du sens et \u00e0 ne pas rester seule avec ce que tu vis. Demander de l\u2019aide ne signifie pas que tu n\u2019y arrives pas.Cela signifie que tu prends au s\u00e9rieux ce que tu traverses.<\/p>","protected":false},"author":2,"featured_media":20801,"comment_status":"closed","ping_status":"open","sticky":false,"template":"","format":"standard","meta":{"_uag_custom_page_level_css":"","_monsterinsights_skip_tracking":false,"_monsterinsights_sitenote_active":false,"_monsterinsights_sitenote_note":"","_monsterinsights_sitenote_category":0,"site-sidebar-layout":"default","site-content-layout":"","ast-site-content-layout":"default","site-content-style":"default","site-sidebar-style":"default","ast-global-header-display":"","ast-banner-title-visibility":"","ast-main-header-display":"","ast-hfb-above-header-display":"","ast-hfb-below-header-display":"","ast-hfb-mobile-header-display":"","site-post-title":"","ast-breadcrumbs-content":"","ast-featured-img":"","footer-sml-layout":"","ast-disable-related-posts":"","theme-transparent-header-meta":"","adv-header-id-meta":"","stick-header-meta":"","header-above-stick-meta":"","header-main-stick-meta":"","header-below-stick-meta":"","astra-migrate-meta-layouts":"default","ast-page-background-enabled":"default","ast-page-background-meta":{"desktop":{"background-color":"var(--ast-global-color-4)","background-image":"","background-repeat":"repeat","background-position":"center center","background-size":"auto","background-attachment":"scroll","background-type":"","background-media":"","overlay-type":"","overlay-color":"","overlay-opacity":"","overlay-gradient":""},"tablet":{"background-color":"","background-image":"","background-repeat":"repeat","background-position":"center center","background-size":"auto","background-attachment":"scroll","background-type":"","background-media":"","overlay-type":"","overlay-color":"","overlay-opacity":"","overlay-gradient":""},"mobile":{"background-color":"","background-image":"","background-repeat":"repeat","background-position":"center center","background-size":"auto","background-attachment":"scroll","background-type":"","background-media":"","overlay-type":"","overlay-color":"","overlay-opacity":"","overlay-gradient":""}},"ast-content-background-meta":{"desktop":{"background-color":"var(--ast-global-color-5)","background-image":"","background-repeat":"repeat","background-position":"center center","background-size":"auto","background-attachment":"scroll","background-type":"","background-media":"","overlay-type":"","overlay-color":"","overlay-opacity":"","overlay-gradient":""},"tablet":{"background-color":"var(--ast-global-color-5)","background-image":"","background-repeat":"repeat","background-position":"center center","background-size":"auto","background-attachment":"scroll","background-type":"","background-media":"","overlay-type":"","overlay-color":"","overlay-opacity":"","overlay-gradient":""},"mobile":{"background-color":"var(--ast-global-color-5)","background-image":"","background-repeat":"repeat","background-position":"center center","background-size":"auto","background-attachment":"scroll","background-type":"","background-media":"","overlay-type":"","overlay-color":"","overlay-opacity":"","overlay-gradient":""}},"footnotes":""},"categories":[24],"tags":[],"class_list":["post-20798","post","type-post","status-publish","format-standard","has-post-thumbnail","hentry","category-etre-mere"],"yoast_head":"<!-- This site is optimized with the Yoast SEO plugin v27.5 - https:\/\/yoast.com\/product\/yoast-seo-wordpress\/ -->\n<title>Culpabilit\u00e9 chez la m\u00e8re : pourquoi tu te sens toujours coupable<\/title>\n<meta name=\"description\" content=\"Culpabilit\u00e9 chez la m\u00e8re : comprendre pourquoi tu te sens coupable dans ton quotidien de maman et comment apaiser cette pression constante.\" \/>\n<meta name=\"robots\" content=\"index, follow, max-snippet:-1, max-image-preview:large, max-video-preview:-1\" \/>\n<link rel=\"canonical\" href=\"https:\/\/www.loasisdeceline.fr\/es\/culpabilite-maman-mere\/\" \/>\n<meta property=\"og:locale\" content=\"es_ES\" \/>\n<meta property=\"og:type\" content=\"article\" \/>\n<meta property=\"og:title\" content=\"Culpabilit\u00e9 chez la m\u00e8re : pourquoi tu te sens toujours coupable\" \/>\n<meta property=\"og:description\" content=\"Culpabilit\u00e9 chez la m\u00e8re : comprendre pourquoi tu te sens coupable dans ton quotidien de maman et comment apaiser cette pression constante.\" \/>\n<meta property=\"og:url\" content=\"https:\/\/www.loasisdeceline.fr\/es\/culpabilite-maman-mere\/\" \/>\n<meta property=\"og:site_name\" content=\"L&#039;Oasis de C\u00e9line\" \/>\n<meta property=\"article:published_time\" content=\"2026-04-13T23:45:43+00:00\" \/>\n<meta property=\"article:modified_time\" content=\"2026-04-23T22:54:18+00:00\" \/>\n<meta property=\"og:image\" content=\"https:\/\/www.loasisdeceline.fr\/wp-content\/uploads\/2026\/04\/culpabilite-maman.png\" \/>\n\t<meta property=\"og:image:width\" content=\"960\" \/>\n\t<meta property=\"og:image:height\" content=\"640\" \/>\n\t<meta property=\"og:image:type\" content=\"image\/png\" \/>\n<meta name=\"author\" content=\"C\u00e9line Jimenez\" \/>\n<meta name=\"twitter:card\" content=\"summary_large_image\" \/>\n<meta name=\"twitter:label1\" content=\"Escrito por\" \/>\n\t<meta name=\"twitter:data1\" content=\"C\u00e9line Jimenez\" \/>\n\t<meta name=\"twitter:label2\" content=\"Tiempo de lectura\" \/>\n\t<meta name=\"twitter:data2\" content=\"5 minutos\" \/>\n<script type=\"application\/ld+json\" class=\"yoast-schema-graph\">{\"@context\":\"https:\\\/\\\/schema.org\",\"@graph\":[{\"@type\":\"Article\",\"@id\":\"https:\\\/\\\/www.loasisdeceline.fr\\\/culpabilite-maman-mere\\\/#article\",\"isPartOf\":{\"@id\":\"https:\\\/\\\/www.loasisdeceline.fr\\\/culpabilite-maman-mere\\\/\"},\"author\":{\"name\":\"C\u00e9line Jimenez\",\"@id\":\"https:\\\/\\\/www.loasisdeceline.fr\\\/#\\\/schema\\\/person\\\/fa5a67321e6953b557d94ff36343fd0b\"},\"headline\":\"Culpabilit\u00e9 chez la m\u00e8re : pourquoi tu te sens toujours coupable (et comment en sortir)\",\"datePublished\":\"2026-04-13T23:45:43+00:00\",\"dateModified\":\"2026-04-23T22:54:18+00:00\",\"mainEntityOfPage\":{\"@id\":\"https:\\\/\\\/www.loasisdeceline.fr\\\/culpabilite-maman-mere\\\/\"},\"wordCount\":939,\"publisher\":{\"@id\":\"https:\\\/\\\/www.loasisdeceline.fr\\\/#organization\"},\"image\":{\"@id\":\"https:\\\/\\\/www.loasisdeceline.fr\\\/culpabilite-maman-mere\\\/#primaryimage\"},\"thumbnailUrl\":\"https:\\\/\\\/www.loasisdeceline.fr\\\/wp-content\\\/uploads\\\/2026\\\/04\\\/culpabilite-maman.png\",\"articleSection\":[\"\u00catre M\u00e8re\"],\"inLanguage\":\"es\"},{\"@type\":\"WebPage\",\"@id\":\"https:\\\/\\\/www.loasisdeceline.fr\\\/culpabilite-maman-mere\\\/\",\"url\":\"https:\\\/\\\/www.loasisdeceline.fr\\\/culpabilite-maman-mere\\\/\",\"name\":\"Culpabilit\u00e9 chez la m\u00e8re : pourquoi tu te sens toujours coupable\",\"isPartOf\":{\"@id\":\"https:\\\/\\\/www.loasisdeceline.fr\\\/#website\"},\"primaryImageOfPage\":{\"@id\":\"https:\\\/\\\/www.loasisdeceline.fr\\\/culpabilite-maman-mere\\\/#primaryimage\"},\"image\":{\"@id\":\"https:\\\/\\\/www.loasisdeceline.fr\\\/culpabilite-maman-mere\\\/#primaryimage\"},\"thumbnailUrl\":\"https:\\\/\\\/www.loasisdeceline.fr\\\/wp-content\\\/uploads\\\/2026\\\/04\\\/culpabilite-maman.png\",\"datePublished\":\"2026-04-13T23:45:43+00:00\",\"dateModified\":\"2026-04-23T22:54:18+00:00\",\"description\":\"Culpabilit\u00e9 chez la m\u00e8re : comprendre pourquoi tu te sens coupable dans ton quotidien de maman et comment apaiser cette pression constante.\",\"breadcrumb\":{\"@id\":\"https:\\\/\\\/www.loasisdeceline.fr\\\/culpabilite-maman-mere\\\/#breadcrumb\"},\"inLanguage\":\"es\",\"potentialAction\":[{\"@type\":\"ReadAction\",\"target\":[\"https:\\\/\\\/www.loasisdeceline.fr\\\/culpabilite-maman-mere\\\/\"]}]},{\"@type\":\"ImageObject\",\"inLanguage\":\"es\",\"@id\":\"https:\\\/\\\/www.loasisdeceline.fr\\\/culpabilite-maman-mere\\\/#primaryimage\",\"url\":\"https:\\\/\\\/www.loasisdeceline.fr\\\/wp-content\\\/uploads\\\/2026\\\/04\\\/culpabilite-maman.png\",\"contentUrl\":\"https:\\\/\\\/www.loasisdeceline.fr\\\/wp-content\\\/uploads\\\/2026\\\/04\\\/culpabilite-maman.png\",\"width\":960,\"height\":640,\"caption\":\"madre culpabilidad culpabilite m\u00e8re\"},{\"@type\":\"BreadcrumbList\",\"@id\":\"https:\\\/\\\/www.loasisdeceline.fr\\\/culpabilite-maman-mere\\\/#breadcrumb\",\"itemListElement\":[{\"@type\":\"ListItem\",\"position\":1,\"name\":\"Accueil\",\"item\":\"https:\\\/\\\/www.loasisdeceline.fr\\\/\"},{\"@type\":\"ListItem\",\"position\":2,\"name\":\"Culpabilit\u00e9 chez la m\u00e8re : pourquoi tu te sens toujours coupable (et comment en sortir)\"}]},{\"@type\":\"WebSite\",\"@id\":\"https:\\\/\\\/www.loasisdeceline.fr\\\/#website\",\"url\":\"https:\\\/\\\/www.loasisdeceline.fr\\\/\",\"name\":\"L'Oasis de C\u00e9line\",\"description\":\"C\u00e9line Jimenez, Accompagnante en p\u00e9rinatalit\u00e9 &amp; parentalit\u00e9\",\"publisher\":{\"@id\":\"https:\\\/\\\/www.loasisdeceline.fr\\\/#organization\"},\"potentialAction\":[{\"@type\":\"SearchAction\",\"target\":{\"@type\":\"EntryPoint\",\"urlTemplate\":\"https:\\\/\\\/www.loasisdeceline.fr\\\/?s={search_term_string}\"},\"query-input\":{\"@type\":\"PropertyValueSpecification\",\"valueRequired\":true,\"valueName\":\"search_term_string\"}}],\"inLanguage\":\"es\"},{\"@type\":\"Organization\",\"@id\":\"https:\\\/\\\/www.loasisdeceline.fr\\\/#organization\",\"name\":\"L'Oasis de C\u00e9line\",\"url\":\"https:\\\/\\\/www.loasisdeceline.fr\\\/\",\"logo\":{\"@type\":\"ImageObject\",\"inLanguage\":\"es\",\"@id\":\"https:\\\/\\\/www.loasisdeceline.fr\\\/#\\\/schema\\\/logo\\\/image\\\/\",\"url\":\"https:\\\/\\\/www.loasisdeceline.fr\\\/wp-content\\\/uploads\\\/2024\\\/10\\\/ODC-logo-sauge.png\",\"contentUrl\":\"https:\\\/\\\/www.loasisdeceline.fr\\\/wp-content\\\/uploads\\\/2024\\\/10\\\/ODC-logo-sauge.png\",\"width\":1182,\"height\":1182,\"caption\":\"L'Oasis de C\u00e9line\"},\"image\":{\"@id\":\"https:\\\/\\\/www.loasisdeceline.fr\\\/#\\\/schema\\\/logo\\\/image\\\/\"},\"sameAs\":[\"https:\\\/\\\/www.instagram.com\\\/loasis.de.celine\\\/\"]},{\"@type\":\"Person\",\"@id\":\"https:\\\/\\\/www.loasisdeceline.fr\\\/#\\\/schema\\\/person\\\/fa5a67321e6953b557d94ff36343fd0b\",\"name\":\"C\u00e9line Jimenez\",\"image\":{\"@type\":\"ImageObject\",\"inLanguage\":\"es\",\"@id\":\"https:\\\/\\\/secure.gravatar.com\\\/avatar\\\/2ce21eb196a74a586b8400edded3ea4e8f5856f96a45eb1609a75d9dbff71a89?s=96&d=mm&r=g\",\"url\":\"https:\\\/\\\/secure.gravatar.com\\\/avatar\\\/2ce21eb196a74a586b8400edded3ea4e8f5856f96a45eb1609a75d9dbff71a89?s=96&d=mm&r=g\",\"contentUrl\":\"https:\\\/\\\/secure.gravatar.com\\\/avatar\\\/2ce21eb196a74a586b8400edded3ea4e8f5856f96a45eb1609a75d9dbff71a89?s=96&d=mm&r=g\",\"caption\":\"C\u00e9line Jimenez\"},\"url\":\"https:\\\/\\\/www.loasisdeceline.fr\\\/es\\\/author\\\/oasis2cb\\\/\"}]}<\/script>\n<!-- \/ Yoast SEO plugin. -->","yoast_head_json":{"title":"Culpabilit\u00e9 chez la m\u00e8re : pourquoi tu te sens toujours coupable","description":"Culpabilit\u00e9 chez la m\u00e8re : comprendre pourquoi tu te sens coupable dans ton quotidien de maman et comment apaiser cette pression constante.","robots":{"index":"index","follow":"follow","max-snippet":"max-snippet:-1","max-image-preview":"max-image-preview:large","max-video-preview":"max-video-preview:-1"},"canonical":"https:\/\/www.loasisdeceline.fr\/es\/culpabilite-maman-mere\/","og_locale":"es_ES","og_type":"article","og_title":"Culpabilit\u00e9 chez la m\u00e8re : pourquoi tu te sens toujours coupable","og_description":"Culpabilit\u00e9 chez la m\u00e8re : comprendre pourquoi tu te sens coupable dans ton quotidien de maman et comment apaiser cette pression constante.","og_url":"https:\/\/www.loasisdeceline.fr\/es\/culpabilite-maman-mere\/","og_site_name":"L&#039;Oasis de C\u00e9line","article_published_time":"2026-04-13T23:45:43+00:00","article_modified_time":"2026-04-23T22:54:18+00:00","og_image":[{"width":960,"height":640,"url":"https:\/\/www.loasisdeceline.fr\/wp-content\/uploads\/2026\/04\/culpabilite-maman.png","type":"image\/png"}],"author":"C\u00e9line Jimenez","twitter_card":"summary_large_image","twitter_misc":{"Escrito por":"C\u00e9line Jimenez","Tiempo de lectura":"5 minutos"},"schema":{"@context":"https:\/\/schema.org","@graph":[{"@type":"Article","@id":"https:\/\/www.loasisdeceline.fr\/culpabilite-maman-mere\/#article","isPartOf":{"@id":"https:\/\/www.loasisdeceline.fr\/culpabilite-maman-mere\/"},"author":{"name":"C\u00e9line Jimenez","@id":"https:\/\/www.loasisdeceline.fr\/#\/schema\/person\/fa5a67321e6953b557d94ff36343fd0b"},"headline":"Culpabilit\u00e9 chez la m\u00e8re : pourquoi tu te sens toujours coupable (et comment en sortir)","datePublished":"2026-04-13T23:45:43+00:00","dateModified":"2026-04-23T22:54:18+00:00","mainEntityOfPage":{"@id":"https:\/\/www.loasisdeceline.fr\/culpabilite-maman-mere\/"},"wordCount":939,"publisher":{"@id":"https:\/\/www.loasisdeceline.fr\/#organization"},"image":{"@id":"https:\/\/www.loasisdeceline.fr\/culpabilite-maman-mere\/#primaryimage"},"thumbnailUrl":"https:\/\/www.loasisdeceline.fr\/wp-content\/uploads\/2026\/04\/culpabilite-maman.png","articleSection":["\u00catre M\u00e8re"],"inLanguage":"es"},{"@type":"WebPage","@id":"https:\/\/www.loasisdeceline.fr\/culpabilite-maman-mere\/","url":"https:\/\/www.loasisdeceline.fr\/culpabilite-maman-mere\/","name":"Culpabilit\u00e9 chez la m\u00e8re : pourquoi tu te sens toujours coupable","isPartOf":{"@id":"https:\/\/www.loasisdeceline.fr\/#website"},"primaryImageOfPage":{"@id":"https:\/\/www.loasisdeceline.fr\/culpabilite-maman-mere\/#primaryimage"},"image":{"@id":"https:\/\/www.loasisdeceline.fr\/culpabilite-maman-mere\/#primaryimage"},"thumbnailUrl":"https:\/\/www.loasisdeceline.fr\/wp-content\/uploads\/2026\/04\/culpabilite-maman.png","datePublished":"2026-04-13T23:45:43+00:00","dateModified":"2026-04-23T22:54:18+00:00","description":"Culpabilit\u00e9 chez la m\u00e8re : comprendre pourquoi tu te sens coupable dans ton quotidien de maman et comment apaiser cette pression constante.","breadcrumb":{"@id":"https:\/\/www.loasisdeceline.fr\/culpabilite-maman-mere\/#breadcrumb"},"inLanguage":"es","potentialAction":[{"@type":"ReadAction","target":["https:\/\/www.loasisdeceline.fr\/culpabilite-maman-mere\/"]}]},{"@type":"ImageObject","inLanguage":"es","@id":"https:\/\/www.loasisdeceline.fr\/culpabilite-maman-mere\/#primaryimage","url":"https:\/\/www.loasisdeceline.fr\/wp-content\/uploads\/2026\/04\/culpabilite-maman.png","contentUrl":"https:\/\/www.loasisdeceline.fr\/wp-content\/uploads\/2026\/04\/culpabilite-maman.png","width":960,"height":640,"caption":"madre culpabilidad culpabilite m\u00e8re"},{"@type":"BreadcrumbList","@id":"https:\/\/www.loasisdeceline.fr\/culpabilite-maman-mere\/#breadcrumb","itemListElement":[{"@type":"ListItem","position":1,"name":"Accueil","item":"https:\/\/www.loasisdeceline.fr\/"},{"@type":"ListItem","position":2,"name":"Culpabilit\u00e9 chez la m\u00e8re : pourquoi tu te sens toujours coupable (et comment en sortir)"}]},{"@type":"WebSite","@id":"https:\/\/www.loasisdeceline.fr\/#website","url":"https:\/\/www.loasisdeceline.fr\/","name":"L'Oasis de C\u00e9line","description":"C\u00e9line Jimenez, Accompagnante en p\u00e9rinatalit\u00e9 &amp; parentalit\u00e9","publisher":{"@id":"https:\/\/www.loasisdeceline.fr\/#organization"},"potentialAction":[{"@type":"SearchAction","target":{"@type":"EntryPoint","urlTemplate":"https:\/\/www.loasisdeceline.fr\/?s={search_term_string}"},"query-input":{"@type":"PropertyValueSpecification","valueRequired":true,"valueName":"search_term_string"}}],"inLanguage":"es"},{"@type":"Organization","@id":"https:\/\/www.loasisdeceline.fr\/#organization","name":"L'Oasis de C\u00e9line","url":"https:\/\/www.loasisdeceline.fr\/","logo":{"@type":"ImageObject","inLanguage":"es","@id":"https:\/\/www.loasisdeceline.fr\/#\/schema\/logo\/image\/","url":"https:\/\/www.loasisdeceline.fr\/wp-content\/uploads\/2024\/10\/ODC-logo-sauge.png","contentUrl":"https:\/\/www.loasisdeceline.fr\/wp-content\/uploads\/2024\/10\/ODC-logo-sauge.png","width":1182,"height":1182,"caption":"L'Oasis de C\u00e9line"},"image":{"@id":"https:\/\/www.loasisdeceline.fr\/#\/schema\/logo\/image\/"},"sameAs":["https:\/\/www.instagram.com\/loasis.de.celine\/"]},{"@type":"Person","@id":"https:\/\/www.loasisdeceline.fr\/#\/schema\/person\/fa5a67321e6953b557d94ff36343fd0b","name":"C\u00e9line Jimenez","image":{"@type":"ImageObject","inLanguage":"es","@id":"https:\/\/secure.gravatar.com\/avatar\/2ce21eb196a74a586b8400edded3ea4e8f5856f96a45eb1609a75d9dbff71a89?s=96&d=mm&r=g","url":"https:\/\/secure.gravatar.com\/avatar\/2ce21eb196a74a586b8400edded3ea4e8f5856f96a45eb1609a75d9dbff71a89?s=96&d=mm&r=g","contentUrl":"https:\/\/secure.gravatar.com\/avatar\/2ce21eb196a74a586b8400edded3ea4e8f5856f96a45eb1609a75d9dbff71a89?s=96&d=mm&r=g","caption":"C\u00e9line Jimenez"},"url":"https:\/\/www.loasisdeceline.fr\/es\/author\/oasis2cb\/"}]}},"uagb_featured_image_src":{"full":["https:\/\/www.loasisdeceline.fr\/wp-content\/uploads\/2026\/04\/culpabilite-maman.png",960,640,false],"thumbnail":["https:\/\/www.loasisdeceline.fr\/wp-content\/uploads\/2026\/04\/culpabilite-maman-150x150.png",150,150,true],"medium":["https:\/\/www.loasisdeceline.fr\/wp-content\/uploads\/2026\/04\/culpabilite-maman-300x200.png",300,200,true],"medium_large":["https:\/\/www.loasisdeceline.fr\/wp-content\/uploads\/2026\/04\/culpabilite-maman-768x512.png",768,512,true],"large":["https:\/\/www.loasisdeceline.fr\/wp-content\/uploads\/2026\/04\/culpabilite-maman.png",960,640,false],"1536x1536":["https:\/\/www.loasisdeceline.fr\/wp-content\/uploads\/2026\/04\/culpabilite-maman.png",960,640,false],"2048x2048":["https:\/\/www.loasisdeceline.fr\/wp-content\/uploads\/2026\/04\/culpabilite-maman.png",960,640,false],"trp-custom-language-flag":["https:\/\/www.loasisdeceline.fr\/wp-content\/uploads\/2026\/04\/culpabilite-maman-18x12.png",18,12,true]},"uagb_author_info":{"display_name":"C\u00e9line Jimenez","author_link":"https:\/\/www.loasisdeceline.fr\/es\/author\/oasis2cb\/"},"uagb_comment_info":0,"uagb_excerpt":"3 mn La culpabilit\u00e9 chez la m\u00e8re, tu la connais s\u00fbrement d\u00e9j\u00e0. Tu fais de ton mieux. Tu t\u2019occupes de ton enfant, tu g\u00e8res ton quotidien, tu t\u2019adaptes en permanence. Et pourtant, il y a cette sensation qui revient. Tu culpabilises. Pas assez pr\u00e9sente. Trop fatigu\u00e9e. Pas assez patiente. Trop sur ton t\u00e9l\u00e9phone. Pas assez&hellip;","_links":{"self":[{"href":"https:\/\/www.loasisdeceline.fr\/es\/wp-json\/wp\/v2\/posts\/20798","targetHints":{"allow":["GET"]}}],"collection":[{"href":"https:\/\/www.loasisdeceline.fr\/es\/wp-json\/wp\/v2\/posts"}],"about":[{"href":"https:\/\/www.loasisdeceline.fr\/es\/wp-json\/wp\/v2\/types\/post"}],"author":[{"embeddable":true,"href":"https:\/\/www.loasisdeceline.fr\/es\/wp-json\/wp\/v2\/users\/2"}],"replies":[{"embeddable":true,"href":"https:\/\/www.loasisdeceline.fr\/es\/wp-json\/wp\/v2\/comments?post=20798"}],"version-history":[{"count":43,"href":"https:\/\/www.loasisdeceline.fr\/es\/wp-json\/wp\/v2\/posts\/20798\/revisions"}],"predecessor-version":[{"id":21094,"href":"https:\/\/www.loasisdeceline.fr\/es\/wp-json\/wp\/v2\/posts\/20798\/revisions\/21094"}],"wp:featuredmedia":[{"embeddable":true,"href":"https:\/\/www.loasisdeceline.fr\/es\/wp-json\/wp\/v2\/media\/20801"}],"wp:attachment":[{"href":"https:\/\/www.loasisdeceline.fr\/es\/wp-json\/wp\/v2\/media?parent=20798"}],"wp:term":[{"taxonomy":"category","embeddable":true,"href":"https:\/\/www.loasisdeceline.fr\/es\/wp-json\/wp\/v2\/categories?post=20798"},{"taxonomy":"post_tag","embeddable":true,"href":"https:\/\/www.loasisdeceline.fr\/es\/wp-json\/wp\/v2\/tags?post=20798"}],"curies":[{"name":"wp","href":"https:\/\/api.w.org\/{rel}","templated":true}]}}