{"id":20740,"date":"2026-04-10T20:43:20","date_gmt":"2026-04-10T20:43:20","guid":{"rendered":"https:\/\/www.loasisdeceline.fr\/?p=20740"},"modified":"2026-04-23T20:13:39","modified_gmt":"2026-04-23T20:13:39","slug":"preparer-post-partum-enceinte","status":"publish","type":"post","link":"https:\/\/www.loasisdeceline.fr\/es\/preparer-post-partum-enceinte\/","title":{"rendered":"Preparar tu posparto: lo que de verdad necesitas anticipar antes del parto"},"content":{"rendered":"<div data-elementor-type=\"wp-post\" data-elementor-id=\"20740\" class=\"elementor elementor-20740\">\n\t\t\t\t<div class=\"elementor-element elementor-element-03d0c24 e-flex e-con-boxed wpr-particle-no wpr-jarallax-no wpr-parallax-no wpr-sticky-section-no wpr-equal-height-no e-con e-parent\" data-id=\"03d0c24\" data-element_type=\"container\" data-e-type=\"container\">\n\t\t\t\t\t<div class=\"e-con-inner\">\n\t\t\t\t<div class=\"elementor-element elementor-element-20dc0a6 elementor-widget elementor-widget-image\" data-id=\"20dc0a6\" data-element_type=\"widget\" data-e-type=\"widget\" data-widget_type=\"image.default\">\n\t\t\t\t<div class=\"elementor-widget-container\">\n\t\t\t\t\t\t\t\t\t\t\t\t\t\t\t<img fetchpriority=\"high\" decoding=\"async\" width=\"960\" height=\"640\" src=\"https:\/\/www.loasisdeceline.fr\/wp-content\/uploads\/2026\/04\/post-partum.png\" class=\"attachment-large size-large wp-image-20756\" alt=\"pr\u00e9parer post partum enceinte embarazada posparto\" srcset=\"https:\/\/www.loasisdeceline.fr\/wp-content\/uploads\/2026\/04\/post-partum.png 960w, https:\/\/www.loasisdeceline.fr\/wp-content\/uploads\/2026\/04\/post-partum-300x200.png 300w, https:\/\/www.loasisdeceline.fr\/wp-content\/uploads\/2026\/04\/post-partum-768x512.png 768w, https:\/\/www.loasisdeceline.fr\/wp-content\/uploads\/2026\/04\/post-partum-18x12.png 18w\" sizes=\"(max-width: 960px) 100vw, 960px\" \/>\t\t\t\t\t\t\t\t\t\t\t\t\t\t\t<\/div>\n\t\t\t\t<\/div>\n\t\t\t\t\t<\/div>\n\t\t\t\t<\/div>\n\t\t<div class=\"elementor-element elementor-element-2780e5d e-flex e-con-boxed wpr-particle-no wpr-jarallax-no wpr-parallax-no wpr-sticky-section-no wpr-equal-height-no e-con e-parent\" data-id=\"2780e5d\" data-element_type=\"container\" data-e-type=\"container\">\n\t\t\t\t\t<div class=\"e-con-inner\">\n\t\t\t\t<div class=\"elementor-element elementor-element-808fcc9 elementor-widget elementor-widget-text-editor\" data-id=\"808fcc9\" data-element_type=\"widget\" data-e-type=\"widget\" data-widget_type=\"text-editor.default\">\n\t\t\t\t<div class=\"elementor-widget-container\">\n\t\t\t\t\t\t\t\t\t<p>\u23f1\ufe0f3min<\/p>\t\t\t\t\t\t\t\t<\/div>\n\t\t\t\t<\/div>\n\t\t\t\t<div class=\"elementor-element elementor-element-04f260e elementor-widget elementor-widget-text-editor\" data-id=\"04f260e\" data-element_type=\"widget\" data-e-type=\"widget\" data-widget_type=\"text-editor.default\">\n\t\t\t\t<div class=\"elementor-widget-container\">\n\t\t\t\t\t\t\t\t\t<p><em><strong data-start=\"685\" data-end=\"713\">Preparar el posparto<\/strong>sigue siendo algo de lo que se habla muy poco.<\/em><\/p><p><em>Se habla mucho del embarazo y del parto.\u00a0<\/em><\/p><p><em>Sin embargo, lo que viene despu\u00e9s sigue siendo difuso para muchas mujeres. Preparar el posparto suele quedar en segundo plano. Se prepara la maleta, algunas cosas para el beb\u00e9, a veces un plan de parto y nacimiento.\u00a0<\/em><\/p><p><em>Y luego, te dices que el resto vendr\u00e1 de forma natural.\u00a0<\/em><\/p><p><em>En realidad, es ah\u00ed donde las cosas suelen complicarse. El cansancio, la carga mental, las emociones y la organizaci\u00f3n del d\u00eda a d\u00eda llegan al mismo tiempo.\u00a0<\/em><\/p><p><em><strong>Lo que anticipas \u2014o no\u2014 puede influir profundamente en c\u00f3mo vives esta etapa.<\/strong><\/em><\/p>\t\t\t\t\t\t\t\t<\/div>\n\t\t\t\t<\/div>\n\t\t\t\t\t<\/div>\n\t\t\t\t<\/div>\n\t\t<div class=\"elementor-element elementor-element-6cf5249 e-flex e-con-boxed wpr-particle-no wpr-jarallax-no wpr-parallax-no wpr-sticky-section-no wpr-equal-height-no e-con e-parent\" data-id=\"6cf5249\" data-element_type=\"container\" data-e-type=\"container\">\n\t\t\t\t\t<div class=\"e-con-inner\">\n\t\t\t\t<div class=\"elementor-element elementor-element-492e53a elementor-widget elementor-widget-heading\" data-id=\"492e53a\" data-element_type=\"widget\" data-e-type=\"widget\" data-widget_type=\"heading.default\">\n\t\t\t\t<div class=\"elementor-widget-container\">\n\t\t\t\t\t<h2 class=\"elementor-heading-title elementor-size-default\">Por qu\u00e9 preparar tu posparto lo cambia todo<\/h2>\t\t\t\t<\/div>\n\t\t\t\t<\/div>\n\t\t\t\t<div class=\"elementor-element elementor-element-cdeb1be elementor-widget elementor-widget-text-editor\" data-id=\"cdeb1be\" data-element_type=\"widget\" data-e-type=\"widget\" data-widget_type=\"text-editor.default\">\n\t\t\t\t<div class=\"elementor-widget-container\">\n\t\t\t\t\t\t\t\t\t<p>Preparar el posparto no consiste en querer controlarlo todo.\nSe trata de entender que esta etapa tiene necesidades propias.<\/p><p>Despu\u00e9s del parto, el cuerpo se recupera, las hormonas bajan, el sue\u00f1o se vuelve irregular y los referentes cambian de forma brusca. <strong>Sin preparaci\u00f3n, todo se acumula.<\/strong><\/p><p>As\u00ed que anticipar permite no sufrir este momento, sino atravesarlo con m\u00e1s estabilidad.<\/p>\t\t\t\t\t\t\t\t<\/div>\n\t\t\t\t<\/div>\n\t\t\t\t<div class=\"elementor-element elementor-element-7f41b86 elementor-widget elementor-widget-heading\" data-id=\"7f41b86\" data-element_type=\"widget\" data-e-type=\"widget\" data-widget_type=\"heading.default\">\n\t\t\t\t<div class=\"elementor-widget-container\">\n\t\t\t\t\t<h2 class=\"elementor-heading-title elementor-size-default\">Lo que la mayor\u00eda de las mujeres anticipa\u2026 y lo que olvida<\/h2>\t\t\t\t<\/div>\n\t\t\t\t<\/div>\n\t\t\t\t<div class=\"elementor-element elementor-element-c44705e elementor-widget elementor-widget-text-editor\" data-id=\"c44705e\" data-element_type=\"widget\" data-e-type=\"widget\" data-widget_type=\"text-editor.default\">\n\t\t\t\t<div class=\"elementor-widget-container\">\n\t\t\t\t\t\t\t\t\t<p>La preparaci\u00f3n suele centrarse en el material, la habitaci\u00f3n del beb\u00e9 o la ropa.<\/p><p><strong>En cambio,<\/strong> el estado de cansancio, la recuperaci\u00f3n f\u00edsica, el apoyo emocional y la organizaci\u00f3n del d\u00eda a d\u00eda rara vez se anticipan.<\/p><p><strong>Este desfase crea una realidad dif\u00edcil,<\/strong> porque todo lo que no se ha previsto debe gestionarse con urgencia y con muy poca energ\u00eda disponible.<\/p>\t\t\t\t\t\t\t\t<\/div>\n\t\t\t\t<\/div>\n\t\t\t\t<div class=\"elementor-element elementor-element-756d46c elementor-widget elementor-widget-heading\" data-id=\"756d46c\" data-element_type=\"widget\" data-e-type=\"widget\" data-widget_type=\"heading.default\">\n\t\t\t\t<div class=\"elementor-widget-container\">\n\t\t\t\t\t<h2 class=\"elementor-heading-title elementor-size-default\">Anticipar el cansancio y la recuperaci\u00f3n f\u00edsica<\/h2>\t\t\t\t<\/div>\n\t\t\t\t<\/div>\n\t\t\t\t<div class=\"elementor-element elementor-element-1abbc25 elementor-widget elementor-widget-text-editor\" data-id=\"1abbc25\" data-element_type=\"widget\" data-e-type=\"widget\" data-widget_type=\"text-editor.default\">\n\t\t\t\t<div class=\"elementor-widget-container\">\n\t\t\t\t\t\t\t\t\t<p>El cansancio en el posparto suele subestimarse.\nNo se limita a las noches interrumpidas.\nSe instala en el cuerpo, en la mente y en el ritmo global.<\/p><p>Preparar el posparto tambi\u00e9n implica prever este cansancio. Esto supone aligerar los d\u00edas, <strong>limitar las obligaciones<\/strong> y<strong>aceptar bajar el ritmo<\/strong>.<\/p><p>No es una opci\u00f3n de confort, sino <strong>una necesidad para sostenerse en el tiempo.<\/strong><\/p>\t\t\t\t\t\t\t\t<\/div>\n\t\t\t\t<\/div>\n\t\t\t\t<div class=\"elementor-element elementor-element-142d3b6 elementor-widget elementor-widget-image\" data-id=\"142d3b6\" data-element_type=\"widget\" data-e-type=\"widget\" data-widget_type=\"image.default\">\n\t\t\t\t<div class=\"elementor-widget-container\">\n\t\t\t\t\t\t\t\t\t\t\t\t\t\t\t<img decoding=\"async\" width=\"960\" height=\"640\" src=\"https:\/\/www.loasisdeceline.fr\/wp-content\/uploads\/2026\/04\/IMAGES-BLOG-4.png\" class=\"attachment-large size-large wp-image-21075\" alt=\"organisation maison post partum repas aide quotidienne\" srcset=\"https:\/\/www.loasisdeceline.fr\/wp-content\/uploads\/2026\/04\/IMAGES-BLOG-4.png 960w, https:\/\/www.loasisdeceline.fr\/wp-content\/uploads\/2026\/04\/IMAGES-BLOG-4-300x200.png 300w, https:\/\/www.loasisdeceline.fr\/wp-content\/uploads\/2026\/04\/IMAGES-BLOG-4-768x512.png 768w, https:\/\/www.loasisdeceline.fr\/wp-content\/uploads\/2026\/04\/IMAGES-BLOG-4-18x12.png 18w\" sizes=\"(max-width: 960px) 100vw, 960px\" \/>\t\t\t\t\t\t\t\t\t\t\t\t\t\t\t<\/div>\n\t\t\t\t<\/div>\n\t\t\t\t<div class=\"elementor-element elementor-element-b482372 elementor-widget elementor-widget-heading\" data-id=\"b482372\" data-element_type=\"widget\" data-e-type=\"widget\" data-widget_type=\"heading.default\">\n\t\t\t\t<div class=\"elementor-widget-container\">\n\t\t\t\t\t<h2 class=\"elementor-heading-title elementor-size-default\">Organizar el d\u00eda a d\u00eda antes del nacimiento<\/h2>\t\t\t\t<\/div>\n\t\t\t\t<\/div>\n\t\t\t\t<div class=\"elementor-element elementor-element-a371e80 elementor-widget elementor-widget-text-editor\" data-id=\"a371e80\" data-element_type=\"widget\" data-e-type=\"widget\" data-widget_type=\"text-editor.default\">\n\t\t\t\t<div class=\"elementor-widget-container\">\n\t\t\t\t\t\t\t\t\t<p>Las primeras semanas con un reci\u00e9n nacido requieren una adaptaci\u00f3n constante.\nCuantas menos decisiones haya que tomar, m\u00e1s energ\u00eda se puede preservar.\u00a0<\/p><p>Anticipar las comidas, prever una organizaci\u00f3n sencilla en casa o reducir las exigencias externas permite no sentirse desbordada desde los primeros d\u00edas.<\/p><p><strong>Al final, lo que parece insignificante antes del parto se vuelve r\u00e1pidamente pesado despu\u00e9s.<\/strong><\/p>\t\t\t\t\t\t\t\t<\/div>\n\t\t\t\t<\/div>\n\t\t\t\t<div class=\"elementor-element elementor-element-0b67050 elementor-widget elementor-widget-heading\" data-id=\"0b67050\" data-element_type=\"widget\" data-e-type=\"widget\" data-widget_type=\"heading.default\">\n\t\t\t\t<div class=\"elementor-widget-container\">\n\t\t\t\t\t<h2 class=\"elementor-heading-title elementor-size-default\">Prever apoyo, no solo ayuda<\/h2>\t\t\t\t<\/div>\n\t\t\t\t<\/div>\n\t\t\t\t<div class=\"elementor-element elementor-element-b61daed elementor-widget elementor-widget-text-editor\" data-id=\"b61daed\" data-element_type=\"widget\" data-e-type=\"widget\" data-widget_type=\"text-editor.default\">\n\t\t\t\t<div class=\"elementor-widget-container\">\n\t\t\t\t\t\t\t\t\t<p>Se habla mucho de ayuda, pero ayudar no siempre significa sostener.<\/p><p>El apoyo es poder expresar lo que est\u00e1s viviendo sin ser juzgada,\nser escuchada sin ser corregida,\ny estar rodeada de personas que realmente comprenden esta etapa.<\/p><p><strong>Preparar el posparto<\/strong>Tambi\u00e9n es identificar este tipo de apoyo, ya venga de la pareja, de personas cercanas o de profesionales.<\/p><p>Y para estar preparada para todo esto, puedes apoyarte en <a href=\"https:\/\/www.loasisdeceline.fr\/es\/grossesse-hypnonatal-doula-gironde\/\">un acompa\u00f1amiento Serenidad<\/a>, donde te doy varias claves para vivirlo con m\u00e1s calma.<\/p>\t\t\t\t\t\t\t\t<\/div>\n\t\t\t\t<\/div>\n\t\t\t\t<div class=\"elementor-element elementor-element-2bbbe4f elementor-widget elementor-widget-heading\" data-id=\"2bbbe4f\" data-element_type=\"widget\" data-e-type=\"widget\" data-widget_type=\"heading.default\">\n\t\t\t\t<div class=\"elementor-widget-container\">\n\t\t\t\t\t<h2 class=\"elementor-heading-title elementor-size-default\">Pensar en ti, no solo en el beb\u00e9<\/h2>\t\t\t\t<\/div>\n\t\t\t\t<\/div>\n\t\t\t\t<div class=\"elementor-element elementor-element-542813c elementor-widget elementor-widget-text-editor\" data-id=\"542813c\" data-element_type=\"widget\" data-e-type=\"widget\" data-widget_type=\"text-editor.default\">\n\t\t\t\t<div class=\"elementor-widget-container\">\n\t\t\t\t\t\t\t\t\t<p>La preparaci\u00f3n se centra, en la mayor\u00eda de los casos, en el beb\u00e9.\nSin embargo, tu estado f\u00edsico y emocional tiene un impacto directo en c\u00f3mo vas a vivir esta etapa.<\/p><p><strong>Preparar tu posparto es hacerse una pregunta<\/strong> simple pero esencial: <strong>\u00bfqu\u00e9 vas a necesitar t\u00fa?<\/strong> Tu cuerpo, tu energ\u00eda y tu equilibrio merecen ser tenidos en cuenta desde el principio.<\/p>\t\t\t\t\t\t\t\t<\/div>\n\t\t\t\t<\/div>\n\t\t\t\t<div class=\"elementor-element elementor-element-59cc333 elementor-widget elementor-widget-heading\" data-id=\"59cc333\" data-element_type=\"widget\" data-e-type=\"widget\" data-widget_type=\"heading.default\">\n\t\t\t\t<div class=\"elementor-widget-container\">\n\t\t\t\t\t<h2 class=\"elementor-heading-title elementor-size-default\">Preparar tu posparto sin querer controlarlo todo<\/h2>\t\t\t\t<\/div>\n\t\t\t\t<\/div>\n\t\t\t\t<div class=\"elementor-element elementor-element-7af8dc0 elementor-widget elementor-widget-text-editor\" data-id=\"7af8dc0\" data-element_type=\"widget\" data-e-type=\"widget\" data-widget_type=\"text-editor.default\">\n\t\t\t\t<div class=\"elementor-widget-container\">\n\t\t\t\t\t\t\t\t\t<p>Preparar el posparto no significa anticiparlo todo al detalle.\nSe trata de crear un marco lo suficientemente s\u00f3lido para poder adaptarte despu\u00e9s.<\/p><p>Este marco permite respirar, ajustarse y no encontrarse sola frente a todo. Esta etapa requiere flexibilidad, <strong>pero tambi\u00e9n un m\u00ednimo de estructura para poder vivirla de otra manera.<\/strong>.<\/p>\t\t\t\t\t\t\t\t<\/div>\n\t\t\t\t<\/div>\n\t\t\t\t\t<\/div>\n\t\t\t\t<\/div>\n\t\t<div class=\"elementor-element elementor-element-80d2032 e-flex e-con-boxed wpr-particle-no wpr-jarallax-no wpr-parallax-no wpr-sticky-section-no wpr-equal-height-no e-con e-parent\" data-id=\"80d2032\" data-element_type=\"container\" data-e-type=\"container\">\n\t\t\t\t\t<div class=\"e-con-inner\">\n\t\t\t\t<div class=\"elementor-element elementor-element-2ce4b3b elementor-widget elementor-widget-image\" data-id=\"2ce4b3b\" data-element_type=\"widget\" data-e-type=\"widget\" data-widget_type=\"image.default\">\n\t\t\t\t<div class=\"elementor-widget-container\">\n\t\t\t\t\t\t\t\t\t\t\t\t\t\t\t<img decoding=\"async\" width=\"960\" height=\"640\" src=\"https:\/\/www.loasisdeceline.fr\/wp-content\/uploads\/2026\/04\/IMAGES-BLOG-5.png\" class=\"attachment-large size-large wp-image-21076\" alt=\"fatigue post partum r\u00e9cup\u00e9ration accouchement femme\" srcset=\"https:\/\/www.loasisdeceline.fr\/wp-content\/uploads\/2026\/04\/IMAGES-BLOG-5.png 960w, https:\/\/www.loasisdeceline.fr\/wp-content\/uploads\/2026\/04\/IMAGES-BLOG-5-300x200.png 300w, https:\/\/www.loasisdeceline.fr\/wp-content\/uploads\/2026\/04\/IMAGES-BLOG-5-768x512.png 768w, https:\/\/www.loasisdeceline.fr\/wp-content\/uploads\/2026\/04\/IMAGES-BLOG-5-18x12.png 18w\" sizes=\"(max-width: 960px) 100vw, 960px\" \/>\t\t\t\t\t\t\t\t\t\t\t\t\t\t\t<\/div>\n\t\t\t\t<\/div>\n\t\t\t\t<div class=\"elementor-element elementor-element-6c89afe elementor-widget elementor-widget-text-editor\" data-id=\"6c89afe\" data-element_type=\"widget\" data-e-type=\"widget\" data-widget_type=\"text-editor.default\">\n\t\t\t\t<div class=\"elementor-widget-container\">\n\t\t\t\t\t\t\t\t\t<p><strong>Preparar el posparto sigue siendo algo secundario en muchos recorridos, cuando en realidad es ah\u00ed donde se juega lo esencial. <\/strong><\/p><p><strong>Anticipar no significa imaginar lo peor, sino darte los medios para vivir esta etapa con m\u00e1s estabilidad y apoyo. <\/strong><\/p><p><strong>La diferencia no est\u00e1 en una preparaci\u00f3n perfecta, sino en la existencia de un marco que te permita no cargar con todo sola.<\/strong><\/p><p>Si quieres preparar tu posparto de forma concreta y no encontrarte sola frente a todo, es posible estar acompa\u00f1ada en esta etapa.<\/p>\t\t\t\t\t\t\t\t<\/div>\n\t\t\t\t<\/div>\n\t\t\t\t<div class=\"elementor-element elementor-element-efce513 elementor-widget elementor-widget-button\" data-id=\"efce513\" data-element_type=\"widget\" data-e-type=\"widget\" data-widget_type=\"button.default\">\n\t\t\t\t<div class=\"elementor-widget-container\">\n\t\t\t\t\t\t\t\t\t<div class=\"elementor-button-wrapper\">\n\t\t\t\t\t<a class=\"elementor-button elementor-button-link elementor-size-sm\" href=\"https:\/\/www.loasisdeceline.fr\/es\/grossesse-hypnonatal-doula-gironde\/\">\n\t\t\t\t\t\t<span class=\"elementor-button-content-wrapper\">\n\t\t\t\t\t\t\t\t\t<span class=\"elementor-button-text\">\u00a1Por aqu\u00ed!<\/span>\n\t\t\t\t\t<\/span>\n\t\t\t\t\t<\/a>\n\t\t\t\t<\/div>\n\t\t\t\t\t\t\t\t<\/div>\n\t\t\t\t<\/div>\n\t\t\t\t\t<\/div>\n\t\t\t\t<\/div>\n\t\t<div class=\"elementor-element elementor-element-4d85970 e-flex e-con-boxed wpr-particle-no wpr-jarallax-no wpr-parallax-no wpr-sticky-section-no wpr-equal-height-no e-con e-parent\" data-id=\"4d85970\" data-element_type=\"container\" data-e-type=\"container\">\n\t\t\t\t\t<div class=\"e-con-inner\">\n\t\t\t\t<div class=\"elementor-element elementor-element-73d2e81 elementor-widget elementor-widget-text-editor\" data-id=\"73d2e81\" data-element_type=\"widget\" data-e-type=\"widget\" data-widget_type=\"text-editor.default\">\n\t\t\t\t<div class=\"elementor-widget-container\">\n\t\t\t\t\t\t\t\t\t<div style=\"--flex-wrap: initial; --justify-content: initial; --align-items: initial; --align-content: initial; --gap: initial; --flex-basis: initial; --flex-grow: initial; --flex-shrink: initial; --order: initial; --align-self: initial; align-self: auto; flex: 0 1 auto; order: 0; place-content: normal; align-items: normal; flex-flow: row; gap: 20px; --widgets-spacing: 20px 20px; --widgets-spacing-row: 20px; --widgets-spacing-column: 20px; --kit-widget-spacing: 0px; max-width: 100%; color: #5d5740; font-size: 16px;\" data-id=\"44c49a4\" data-element_type=\"widget\" data-e-type=\"widget\" data-widget_type=\"heading.default\"><div style=\"transition: background 0.3s, border 0.3s, border-radius 0.3s, box-shadow 0.3s, transform 0.4s; height: 23.4028px;\"><p style=\"font-size: 18px; font-weight: bold; color: #5d684f; font-family: Raleway, sans-serif;\">Recursos:<\/p><div style=\"--flex-wrap: initial; --justify-content: initial; --align-items: initial; --align-content: initial; --gap: initial; --flex-basis: initial; --flex-grow: initial; --flex-shrink: initial; --order: initial; --align-self: initial; align-self: auto; flex: 0 1 auto; order: 0; place-content: normal; align-items: normal; flex-flow: row; gap: 20px; --widgets-spacing: 20px 20px; --widgets-spacing-row: 20px; --widgets-spacing-column: 20px; --kit-widget-spacing: 0px; max-width: 100%; color: #5d5740; font-size: 16px;\" data-id=\"44c49a4\" data-element_type=\"widget\" data-e-type=\"widget\" data-widget_type=\"heading.default\"><div style=\"transition: background 0.3s, border 0.3s, border-radius 0.3s, box-shadow 0.3s, transform 0.4s; height: 23.4028px;\"><p>\u00a0<\/p><\/div><\/div><\/div><\/div>\t\t\t\t\t\t\t\t<\/div>\n\t\t\t\t<\/div>\n\t\t\t\t\t<\/div>\n\t\t\t\t<\/div>\n\t\t<div class=\"elementor-element elementor-element-83229cf e-flex e-con-boxed wpr-particle-no wpr-jarallax-no wpr-parallax-no wpr-sticky-section-no wpr-equal-height-no e-con e-parent\" data-id=\"83229cf\" data-element_type=\"container\" data-e-type=\"container\">\n\t\t\t\t\t<div class=\"e-con-inner\">\n\t\t\t\t<div class=\"elementor-element elementor-element-86429b8 elementor-widget elementor-widget-text-editor\" data-id=\"86429b8\" data-element_type=\"widget\" data-e-type=\"widget\" data-widget_type=\"text-editor.default\">\n\t\t\t\t<div class=\"elementor-widget-container\">\n\t\t\t\t\t\t\t\t\t<p>Si quieres preparar tambi\u00e9n lo concreto, puedes echar un vistazo a algunas recomendaciones oficiales propuestas por <strong><a href=\"https:\/\/www.ameli.fr\/gironde\/assure\/sante\/devenir-parent\/accouchement-nouveau-ne-et-retour-la-maison\">ameli.fr<\/a><\/strong> en Francia o por <strong><a href=\"https:\/\/federacionmatronas.org\/conectate\/\">la Federaci\u00f3n de Asociaciones de Matronas de Espa\u00f1a (FAME)<\/a> <\/strong>sobre el posparto y la vuelta a casa.<\/p>\t\t\t\t\t\t\t\t<\/div>\n\t\t\t\t<\/div>\n\t\t\t\t\t<\/div>\n\t\t\t\t<\/div>\n\t\t\t\t<\/div>","protected":false},"excerpt":{"rendered":"<p>\u23f1\ufe0f3mn Pr\u00e9parer son post-partum, on en parle encore trop peu. On te parle beaucoup de la grossesse et de l\u2019accouchement.\u00a0 Pourtant, ce qui vient apr\u00e8s reste encore flou pour beaucoup de femmes. Pr\u00e9parer son post-partum est souvent rel\u00e9gu\u00e9 au second plan. On pr\u00e9voit une valise, quelques affaires pour le b\u00e9b\u00e9, parfois un projet de naissance.\u00a0 Et puis on se dit que le reste se fera naturellement.\u00a0 En r\u00e9alit\u00e9, c\u2019est souvent l\u00e0 que les choses se compliquent. La fatigue, la charge mentale, les \u00e9motions et l\u2019organisation du quotidien arrivent en m\u00eame temps.\u00a0 Ce que tu anticipes \u2014 ou pas \u2014 peut profond\u00e9ment influencer ton v\u00e9cu. Pourquoi pr\u00e9parer son post-partum change tout Pr\u00e9parer son post-partum ne consiste pas \u00e0 tout contr\u00f4ler. Il s\u2019agit de comprendre que cette p\u00e9riode est une \u00e9tape \u00e0 part enti\u00e8re, avec ses propres besoins. Apr\u00e8s l\u2019accouchement, le corps r\u00e9cup\u00e8re, les hormones chutent, le sommeil devient irr\u00e9gulier et les rep\u00e8res changent brutalement. Sans pr\u00e9paration, tout s\u2019accumule. Alors, anticiper permet de ne pas subir ce moment, mais de le traverser avec plus de stabilit\u00e9. Ce que la plupart des femmes anticipent\u2026 et ce qu\u2019elles oublient La pr\u00e9paration se concentre souvent sur le mat\u00e9riel, la chambre du b\u00e9b\u00e9 ou les v\u00eatements. En revanche, l\u2019\u00e9tat de fatigue, la r\u00e9cup\u00e9ration physique, le soutien \u00e9motionnel et l\u2019organisation du quotidien sont rarement anticip\u00e9s. Ce d\u00e9calage cr\u00e9e une r\u00e9alit\u00e9 difficile, car tout ce qui n\u2019a pas \u00e9t\u00e9 pens\u00e9 doit \u00eatre g\u00e9r\u00e9 dans l\u2019urgence, avec peu d\u2019\u00e9nergie disponible. Anticiper la fatigue et la r\u00e9cup\u00e9ration physique La fatigue post-partum est souvent sous-estim\u00e9e. Elle ne se limite pas aux nuits fragment\u00e9es. Elle s\u2019installe dans le corps, dans le mental et dans le rythme global. Pr\u00e9parer son post-partum, c\u2019est aussi pr\u00e9voir cette fatigue. Cela implique d\u2019all\u00e9ger les journ\u00e9es, de limiter les obligations et d\u2019accepter de ralentir. Ce n\u2019est pas une option de confort, mais une n\u00e9cessit\u00e9 pour tenir sur la dur\u00e9e. Organiser le quotidien avant la naissance Les premi\u00e8res semaines avec un nouveau-n\u00e9 demandent une adaptation constante. Moins il y a de d\u00e9cisions \u00e0 prendre, plus l\u2019\u00e9nergie peut \u00eatre pr\u00e9serv\u00e9e.\u00a0 Anticiper les repas, pr\u00e9voir une organisation simple de la maison ou r\u00e9duire les contraintes ext\u00e9rieures permet de ne pas \u00eatre d\u00e9bord\u00e9e d\u00e8s les premiers jours. Finalement, ce qui semble anodin avant l\u2019accouchement devient rapidement pesant apr\u00e8s. Pr\u00e9voir du soutien, pas seulement de l\u2019aide On parle souvent d\u2019aide, mais aider ne signifie pas toujours soutenir. Le soutien, c\u2019est pouvoir exprimer ce que tu vis sans \u00eatre jug\u00e9e, \u00eatre \u00e9cout\u00e9e sans \u00eatre corrig\u00e9e et \u00eatre entour\u00e9e par des personnes qui comprennent r\u00e9ellement cette p\u00e9riode. Pr\u00e9parer son post-partum, c\u2019est aussi identifier ce type de soutien, qu\u2019il vienne du partenaire, de proches ou de professionnels. Et pour \u00eatre pr\u00eate \u00e0 tout \u00e7a, tu peux t\u2019appuyer sur un accompagnement S\u00e9r\u00e9nit\u00e9, o\u00f9 je te donne plusieurs cl\u00e9s pour le vivre avec plus de calme. Penser \u00e0 toi, pas seulement au b\u00e9b\u00e9 La pr\u00e9paration tourne majoritairement autour du b\u00e9b\u00e9. Pourtant, ton \u00e9tat physique et \u00e9motionnel a un impact direct sur ton v\u00e9cu. Pr\u00e9parer son post-partum, c\u2019est se poser une question simple mais essentielle : de quoi vas-tu avoir besoin, toi ? Ton corps, ton \u00e9nergie et ton \u00e9quilibre m\u00e9ritent d\u2019\u00eatre pris en compte d\u00e8s le d\u00e9part. Pr\u00e9parer son post-partum sans chercher \u00e0 tout ma\u00eetriser Pr\u00e9parer son post-partum ne signifie pas tout anticiper dans les moindres d\u00e9tails. Il s\u2019agit de cr\u00e9er un cadre suffisamment solide pour pouvoir s\u2019adapter ensuite. Ce cadre permet de respirer, de s\u2019ajuster et de ne pas se retrouver seule face \u00e0 tout. Cette p\u00e9riode demande de la souplesse, mais aussi un minimum de structure pour \u00eatre v\u00e9cue autrement. Pr\u00e9parer son post-partum reste encore secondaire dans de nombreux parcours, alors que c\u2019est souvent l\u00e0 que se joue l\u2019essentiel. Anticiper ne veut pas dire imaginer le pire, mais se donner les moyens de vivre cette p\u00e9riode avec plus de stabilit\u00e9 et de soutien. La diff\u00e9rence ne se fait pas dans la perfection de la pr\u00e9paration, mais dans la pr\u00e9sence d\u2019un cadre qui te permet de ne pas tout porter seule. Si tu veux pr\u00e9parer ton post-partum de mani\u00e8re concr\u00e8te et ne pas te retrouver seule face \u00e0 tout, il est possible d\u2019\u00eatre accompagn\u00e9e dans cette \u00e9tape. Par ici ! Ressources : \u00a0 Si tu as envie de pr\u00e9parer aussi le concret, tu peux jeter un \u0153il \u00e0 quelques recommandations officielles propos\u00e9es par ameli.fr en France ou par la Federaci\u00f3n de Asociaciones de Matronas de Espa\u00f1a (FAME) autour du post-partum et du retour \u00e0 la maison.<\/p>","protected":false},"author":2,"featured_media":20756,"comment_status":"closed","ping_status":"open","sticky":false,"template":"","format":"standard","meta":{"_uag_custom_page_level_css":"","_monsterinsights_skip_tracking":false,"_monsterinsights_sitenote_active":false,"_monsterinsights_sitenote_note":"","_monsterinsights_sitenote_category":0,"site-sidebar-layout":"default","site-content-layout":"","ast-site-content-layout":"default","site-content-style":"default","site-sidebar-style":"default","ast-global-header-display":"","ast-banner-title-visibility":"","ast-main-header-display":"","ast-hfb-above-header-display":"","ast-hfb-below-header-display":"","ast-hfb-mobile-header-display":"","site-post-title":"","ast-breadcrumbs-content":"","ast-featured-img":"","footer-sml-layout":"","ast-disable-related-posts":"","theme-transparent-header-meta":"","adv-header-id-meta":"","stick-header-meta":"","header-above-stick-meta":"","header-main-stick-meta":"","header-below-stick-meta":"","astra-migrate-meta-layouts":"default","ast-page-background-enabled":"default","ast-page-background-meta":{"desktop":{"background-color":"var(--ast-global-color-4)","background-image":"","background-repeat":"repeat","background-position":"center center","background-size":"auto","background-attachment":"scroll","background-type":"","background-media":"","overlay-type":"","overlay-color":"","overlay-opacity":"","overlay-gradient":""},"tablet":{"background-color":"","background-image":"","background-repeat":"repeat","background-position":"center center","background-size":"auto","background-attachment":"scroll","background-type":"","background-media":"","overlay-type":"","overlay-color":"","overlay-opacity":"","overlay-gradient":""},"mobile":{"background-color":"","background-image":"","background-repeat":"repeat","background-position":"center center","background-size":"auto","background-attachment":"scroll","background-type":"","background-media":"","overlay-type":"","overlay-color":"","overlay-opacity":"","overlay-gradient":""}},"ast-content-background-meta":{"desktop":{"background-color":"var(--ast-global-color-5)","background-image":"","background-repeat":"repeat","background-position":"center center","background-size":"auto","background-attachment":"scroll","background-type":"","background-media":"","overlay-type":"","overlay-color":"","overlay-opacity":"","overlay-gradient":""},"tablet":{"background-color":"var(--ast-global-color-5)","background-image":"","background-repeat":"repeat","background-position":"center center","background-size":"auto","background-attachment":"scroll","background-type":"","background-media":"","overlay-type":"","overlay-color":"","overlay-opacity":"","overlay-gradient":""},"mobile":{"background-color":"var(--ast-global-color-5)","background-image":"","background-repeat":"repeat","background-position":"center center","background-size":"auto","background-attachment":"scroll","background-type":"","background-media":"","overlay-type":"","overlay-color":"","overlay-opacity":"","overlay-gradient":""}},"footnotes":""},"categories":[22],"tags":[],"class_list":["post-20740","post","type-post","status-publish","format-standard","has-post-thumbnail","hentry","category-grossesse-naissance"],"yoast_head":"<!-- This site is optimized with the Yoast SEO plugin v27.5 - https:\/\/yoast.com\/product\/yoast-seo-wordpress\/ -->\n<title>Pr\u00e9parer son post-partum : ce qu\u2019il faut vraiment anticiper enceinte<\/title>\n<meta name=\"description\" content=\"Pr\u00e9parer son post-partum enceinte : ce qu\u2019on oublie souvent d\u2019anticiper avant l\u2019accouchement et comment \u00e9viter un post-partum difficile.\" \/>\n<meta name=\"robots\" content=\"index, follow, max-snippet:-1, max-image-preview:large, max-video-preview:-1\" \/>\n<link rel=\"canonical\" href=\"https:\/\/www.loasisdeceline.fr\/es\/preparer-post-partum-enceinte\/\" \/>\n<meta property=\"og:locale\" content=\"es_ES\" \/>\n<meta property=\"og:type\" content=\"article\" \/>\n<meta property=\"og:title\" content=\"Pr\u00e9parer son post-partum : ce qu\u2019il faut vraiment anticiper enceinte\" \/>\n<meta property=\"og:description\" content=\"Pr\u00e9parer son post-partum enceinte : ce qu\u2019on oublie souvent d\u2019anticiper avant l\u2019accouchement et comment \u00e9viter un post-partum difficile.\" \/>\n<meta property=\"og:url\" content=\"https:\/\/www.loasisdeceline.fr\/es\/preparer-post-partum-enceinte\/\" \/>\n<meta property=\"og:site_name\" content=\"L&#039;Oasis de C\u00e9line\" \/>\n<meta property=\"article:published_time\" content=\"2026-04-10T20:43:20+00:00\" \/>\n<meta property=\"article:modified_time\" content=\"2026-04-23T20:13:39+00:00\" \/>\n<meta property=\"og:image\" content=\"https:\/\/www.loasisdeceline.fr\/wp-content\/uploads\/2026\/04\/post-partum.png\" \/>\n\t<meta property=\"og:image:width\" content=\"960\" \/>\n\t<meta property=\"og:image:height\" content=\"640\" \/>\n\t<meta property=\"og:image:type\" content=\"image\/png\" \/>\n<meta name=\"author\" content=\"C\u00e9line Jimenez\" \/>\n<meta name=\"twitter:card\" content=\"summary_large_image\" \/>\n<meta name=\"twitter:label1\" content=\"Escrito por\" \/>\n\t<meta name=\"twitter:data1\" content=\"C\u00e9line Jimenez\" \/>\n\t<meta name=\"twitter:label2\" content=\"Tiempo de lectura\" \/>\n\t<meta name=\"twitter:data2\" content=\"5 minutos\" \/>\n<script type=\"application\/ld+json\" class=\"yoast-schema-graph\">{\"@context\":\"https:\\\/\\\/schema.org\",\"@graph\":[{\"@type\":\"Article\",\"@id\":\"https:\\\/\\\/www.loasisdeceline.fr\\\/preparer-post-partum-enceinte\\\/#article\",\"isPartOf\":{\"@id\":\"https:\\\/\\\/www.loasisdeceline.fr\\\/preparer-post-partum-enceinte\\\/\"},\"author\":{\"name\":\"C\u00e9line Jimenez\",\"@id\":\"https:\\\/\\\/www.loasisdeceline.fr\\\/#\\\/schema\\\/person\\\/fa5a67321e6953b557d94ff36343fd0b\"},\"headline\":\"Pr\u00e9parer son post-partum : ce que tu dois vraiment anticiper avant l\u2019accouchement\",\"datePublished\":\"2026-04-10T20:43:20+00:00\",\"dateModified\":\"2026-04-23T20:13:39+00:00\",\"mainEntityOfPage\":{\"@id\":\"https:\\\/\\\/www.loasisdeceline.fr\\\/preparer-post-partum-enceinte\\\/\"},\"wordCount\":863,\"publisher\":{\"@id\":\"https:\\\/\\\/www.loasisdeceline.fr\\\/#organization\"},\"image\":{\"@id\":\"https:\\\/\\\/www.loasisdeceline.fr\\\/preparer-post-partum-enceinte\\\/#primaryimage\"},\"thumbnailUrl\":\"https:\\\/\\\/www.loasisdeceline.fr\\\/wp-content\\\/uploads\\\/2026\\\/04\\\/post-partum.png\",\"articleSection\":[\"Grossesse &amp; Naissance\"],\"inLanguage\":\"es\"},{\"@type\":\"WebPage\",\"@id\":\"https:\\\/\\\/www.loasisdeceline.fr\\\/preparer-post-partum-enceinte\\\/\",\"url\":\"https:\\\/\\\/www.loasisdeceline.fr\\\/preparer-post-partum-enceinte\\\/\",\"name\":\"Pr\u00e9parer son post-partum : ce qu\u2019il faut vraiment anticiper enceinte\",\"isPartOf\":{\"@id\":\"https:\\\/\\\/www.loasisdeceline.fr\\\/#website\"},\"primaryImageOfPage\":{\"@id\":\"https:\\\/\\\/www.loasisdeceline.fr\\\/preparer-post-partum-enceinte\\\/#primaryimage\"},\"image\":{\"@id\":\"https:\\\/\\\/www.loasisdeceline.fr\\\/preparer-post-partum-enceinte\\\/#primaryimage\"},\"thumbnailUrl\":\"https:\\\/\\\/www.loasisdeceline.fr\\\/wp-content\\\/uploads\\\/2026\\\/04\\\/post-partum.png\",\"datePublished\":\"2026-04-10T20:43:20+00:00\",\"dateModified\":\"2026-04-23T20:13:39+00:00\",\"description\":\"Pr\u00e9parer son post-partum enceinte : ce qu\u2019on oublie souvent d\u2019anticiper avant l\u2019accouchement et comment \u00e9viter un post-partum difficile.\",\"breadcrumb\":{\"@id\":\"https:\\\/\\\/www.loasisdeceline.fr\\\/preparer-post-partum-enceinte\\\/#breadcrumb\"},\"inLanguage\":\"es\",\"potentialAction\":[{\"@type\":\"ReadAction\",\"target\":[\"https:\\\/\\\/www.loasisdeceline.fr\\\/preparer-post-partum-enceinte\\\/\"]}]},{\"@type\":\"ImageObject\",\"inLanguage\":\"es\",\"@id\":\"https:\\\/\\\/www.loasisdeceline.fr\\\/preparer-post-partum-enceinte\\\/#primaryimage\",\"url\":\"https:\\\/\\\/www.loasisdeceline.fr\\\/wp-content\\\/uploads\\\/2026\\\/04\\\/post-partum.png\",\"contentUrl\":\"https:\\\/\\\/www.loasisdeceline.fr\\\/wp-content\\\/uploads\\\/2026\\\/04\\\/post-partum.png\",\"width\":960,\"height\":640,\"caption\":\"pr\u00e9parer post partum enceinte embarazada posparto\"},{\"@type\":\"BreadcrumbList\",\"@id\":\"https:\\\/\\\/www.loasisdeceline.fr\\\/preparer-post-partum-enceinte\\\/#breadcrumb\",\"itemListElement\":[{\"@type\":\"ListItem\",\"position\":1,\"name\":\"Accueil\",\"item\":\"https:\\\/\\\/www.loasisdeceline.fr\\\/\"},{\"@type\":\"ListItem\",\"position\":2,\"name\":\"Pr\u00e9parer son post-partum : ce que tu dois vraiment anticiper avant l\u2019accouchement\"}]},{\"@type\":\"WebSite\",\"@id\":\"https:\\\/\\\/www.loasisdeceline.fr\\\/#website\",\"url\":\"https:\\\/\\\/www.loasisdeceline.fr\\\/\",\"name\":\"L'Oasis de C\u00e9line\",\"description\":\"C\u00e9line Jimenez, Accompagnante en p\u00e9rinatalit\u00e9 &amp; parentalit\u00e9\",\"publisher\":{\"@id\":\"https:\\\/\\\/www.loasisdeceline.fr\\\/#organization\"},\"potentialAction\":[{\"@type\":\"SearchAction\",\"target\":{\"@type\":\"EntryPoint\",\"urlTemplate\":\"https:\\\/\\\/www.loasisdeceline.fr\\\/?s={search_term_string}\"},\"query-input\":{\"@type\":\"PropertyValueSpecification\",\"valueRequired\":true,\"valueName\":\"search_term_string\"}}],\"inLanguage\":\"es\"},{\"@type\":\"Organization\",\"@id\":\"https:\\\/\\\/www.loasisdeceline.fr\\\/#organization\",\"name\":\"L'Oasis de C\u00e9line\",\"url\":\"https:\\\/\\\/www.loasisdeceline.fr\\\/\",\"logo\":{\"@type\":\"ImageObject\",\"inLanguage\":\"es\",\"@id\":\"https:\\\/\\\/www.loasisdeceline.fr\\\/#\\\/schema\\\/logo\\\/image\\\/\",\"url\":\"https:\\\/\\\/www.loasisdeceline.fr\\\/wp-content\\\/uploads\\\/2024\\\/10\\\/ODC-logo-sauge.png\",\"contentUrl\":\"https:\\\/\\\/www.loasisdeceline.fr\\\/wp-content\\\/uploads\\\/2024\\\/10\\\/ODC-logo-sauge.png\",\"width\":1182,\"height\":1182,\"caption\":\"L'Oasis de C\u00e9line\"},\"image\":{\"@id\":\"https:\\\/\\\/www.loasisdeceline.fr\\\/#\\\/schema\\\/logo\\\/image\\\/\"},\"sameAs\":[\"https:\\\/\\\/www.instagram.com\\\/loasis.de.celine\\\/\"]},{\"@type\":\"Person\",\"@id\":\"https:\\\/\\\/www.loasisdeceline.fr\\\/#\\\/schema\\\/person\\\/fa5a67321e6953b557d94ff36343fd0b\",\"name\":\"C\u00e9line Jimenez\",\"image\":{\"@type\":\"ImageObject\",\"inLanguage\":\"es\",\"@id\":\"https:\\\/\\\/secure.gravatar.com\\\/avatar\\\/2ce21eb196a74a586b8400edded3ea4e8f5856f96a45eb1609a75d9dbff71a89?s=96&d=mm&r=g\",\"url\":\"https:\\\/\\\/secure.gravatar.com\\\/avatar\\\/2ce21eb196a74a586b8400edded3ea4e8f5856f96a45eb1609a75d9dbff71a89?s=96&d=mm&r=g\",\"contentUrl\":\"https:\\\/\\\/secure.gravatar.com\\\/avatar\\\/2ce21eb196a74a586b8400edded3ea4e8f5856f96a45eb1609a75d9dbff71a89?s=96&d=mm&r=g\",\"caption\":\"C\u00e9line Jimenez\"},\"url\":\"https:\\\/\\\/www.loasisdeceline.fr\\\/es\\\/author\\\/oasis2cb\\\/\"}]}<\/script>\n<!-- \/ Yoast SEO plugin. -->","yoast_head_json":{"title":"Pr\u00e9parer son post-partum : ce qu\u2019il faut vraiment anticiper enceinte","description":"Pr\u00e9parer son post-partum enceinte : ce qu\u2019on oublie souvent d\u2019anticiper avant l\u2019accouchement et comment \u00e9viter un post-partum difficile.","robots":{"index":"index","follow":"follow","max-snippet":"max-snippet:-1","max-image-preview":"max-image-preview:large","max-video-preview":"max-video-preview:-1"},"canonical":"https:\/\/www.loasisdeceline.fr\/es\/preparer-post-partum-enceinte\/","og_locale":"es_ES","og_type":"article","og_title":"Pr\u00e9parer son post-partum : ce qu\u2019il faut vraiment anticiper enceinte","og_description":"Pr\u00e9parer son post-partum enceinte : ce qu\u2019on oublie souvent d\u2019anticiper avant l\u2019accouchement et comment \u00e9viter un post-partum difficile.","og_url":"https:\/\/www.loasisdeceline.fr\/es\/preparer-post-partum-enceinte\/","og_site_name":"L&#039;Oasis de C\u00e9line","article_published_time":"2026-04-10T20:43:20+00:00","article_modified_time":"2026-04-23T20:13:39+00:00","og_image":[{"width":960,"height":640,"url":"https:\/\/www.loasisdeceline.fr\/wp-content\/uploads\/2026\/04\/post-partum.png","type":"image\/png"}],"author":"C\u00e9line Jimenez","twitter_card":"summary_large_image","twitter_misc":{"Escrito por":"C\u00e9line Jimenez","Tiempo de lectura":"5 minutos"},"schema":{"@context":"https:\/\/schema.org","@graph":[{"@type":"Article","@id":"https:\/\/www.loasisdeceline.fr\/preparer-post-partum-enceinte\/#article","isPartOf":{"@id":"https:\/\/www.loasisdeceline.fr\/preparer-post-partum-enceinte\/"},"author":{"name":"C\u00e9line Jimenez","@id":"https:\/\/www.loasisdeceline.fr\/#\/schema\/person\/fa5a67321e6953b557d94ff36343fd0b"},"headline":"Pr\u00e9parer son post-partum : ce que tu dois vraiment anticiper avant l\u2019accouchement","datePublished":"2026-04-10T20:43:20+00:00","dateModified":"2026-04-23T20:13:39+00:00","mainEntityOfPage":{"@id":"https:\/\/www.loasisdeceline.fr\/preparer-post-partum-enceinte\/"},"wordCount":863,"publisher":{"@id":"https:\/\/www.loasisdeceline.fr\/#organization"},"image":{"@id":"https:\/\/www.loasisdeceline.fr\/preparer-post-partum-enceinte\/#primaryimage"},"thumbnailUrl":"https:\/\/www.loasisdeceline.fr\/wp-content\/uploads\/2026\/04\/post-partum.png","articleSection":["Grossesse &amp; Naissance"],"inLanguage":"es"},{"@type":"WebPage","@id":"https:\/\/www.loasisdeceline.fr\/preparer-post-partum-enceinte\/","url":"https:\/\/www.loasisdeceline.fr\/preparer-post-partum-enceinte\/","name":"Pr\u00e9parer son post-partum : ce qu\u2019il faut vraiment anticiper enceinte","isPartOf":{"@id":"https:\/\/www.loasisdeceline.fr\/#website"},"primaryImageOfPage":{"@id":"https:\/\/www.loasisdeceline.fr\/preparer-post-partum-enceinte\/#primaryimage"},"image":{"@id":"https:\/\/www.loasisdeceline.fr\/preparer-post-partum-enceinte\/#primaryimage"},"thumbnailUrl":"https:\/\/www.loasisdeceline.fr\/wp-content\/uploads\/2026\/04\/post-partum.png","datePublished":"2026-04-10T20:43:20+00:00","dateModified":"2026-04-23T20:13:39+00:00","description":"Pr\u00e9parer son post-partum enceinte : ce qu\u2019on oublie souvent d\u2019anticiper avant l\u2019accouchement et comment \u00e9viter un post-partum difficile.","breadcrumb":{"@id":"https:\/\/www.loasisdeceline.fr\/preparer-post-partum-enceinte\/#breadcrumb"},"inLanguage":"es","potentialAction":[{"@type":"ReadAction","target":["https:\/\/www.loasisdeceline.fr\/preparer-post-partum-enceinte\/"]}]},{"@type":"ImageObject","inLanguage":"es","@id":"https:\/\/www.loasisdeceline.fr\/preparer-post-partum-enceinte\/#primaryimage","url":"https:\/\/www.loasisdeceline.fr\/wp-content\/uploads\/2026\/04\/post-partum.png","contentUrl":"https:\/\/www.loasisdeceline.fr\/wp-content\/uploads\/2026\/04\/post-partum.png","width":960,"height":640,"caption":"pr\u00e9parer post partum enceinte embarazada posparto"},{"@type":"BreadcrumbList","@id":"https:\/\/www.loasisdeceline.fr\/preparer-post-partum-enceinte\/#breadcrumb","itemListElement":[{"@type":"ListItem","position":1,"name":"Accueil","item":"https:\/\/www.loasisdeceline.fr\/"},{"@type":"ListItem","position":2,"name":"Pr\u00e9parer son post-partum : ce que tu dois vraiment anticiper avant l\u2019accouchement"}]},{"@type":"WebSite","@id":"https:\/\/www.loasisdeceline.fr\/#website","url":"https:\/\/www.loasisdeceline.fr\/","name":"L'Oasis de C\u00e9line","description":"C\u00e9line Jimenez, Accompagnante en p\u00e9rinatalit\u00e9 &amp; parentalit\u00e9","publisher":{"@id":"https:\/\/www.loasisdeceline.fr\/#organization"},"potentialAction":[{"@type":"SearchAction","target":{"@type":"EntryPoint","urlTemplate":"https:\/\/www.loasisdeceline.fr\/?s={search_term_string}"},"query-input":{"@type":"PropertyValueSpecification","valueRequired":true,"valueName":"search_term_string"}}],"inLanguage":"es"},{"@type":"Organization","@id":"https:\/\/www.loasisdeceline.fr\/#organization","name":"L'Oasis de C\u00e9line","url":"https:\/\/www.loasisdeceline.fr\/","logo":{"@type":"ImageObject","inLanguage":"es","@id":"https:\/\/www.loasisdeceline.fr\/#\/schema\/logo\/image\/","url":"https:\/\/www.loasisdeceline.fr\/wp-content\/uploads\/2024\/10\/ODC-logo-sauge.png","contentUrl":"https:\/\/www.loasisdeceline.fr\/wp-content\/uploads\/2024\/10\/ODC-logo-sauge.png","width":1182,"height":1182,"caption":"L'Oasis de C\u00e9line"},"image":{"@id":"https:\/\/www.loasisdeceline.fr\/#\/schema\/logo\/image\/"},"sameAs":["https:\/\/www.instagram.com\/loasis.de.celine\/"]},{"@type":"Person","@id":"https:\/\/www.loasisdeceline.fr\/#\/schema\/person\/fa5a67321e6953b557d94ff36343fd0b","name":"C\u00e9line Jimenez","image":{"@type":"ImageObject","inLanguage":"es","@id":"https:\/\/secure.gravatar.com\/avatar\/2ce21eb196a74a586b8400edded3ea4e8f5856f96a45eb1609a75d9dbff71a89?s=96&d=mm&r=g","url":"https:\/\/secure.gravatar.com\/avatar\/2ce21eb196a74a586b8400edded3ea4e8f5856f96a45eb1609a75d9dbff71a89?s=96&d=mm&r=g","contentUrl":"https:\/\/secure.gravatar.com\/avatar\/2ce21eb196a74a586b8400edded3ea4e8f5856f96a45eb1609a75d9dbff71a89?s=96&d=mm&r=g","caption":"C\u00e9line Jimenez"},"url":"https:\/\/www.loasisdeceline.fr\/es\/author\/oasis2cb\/"}]}},"uagb_featured_image_src":{"full":["https:\/\/www.loasisdeceline.fr\/wp-content\/uploads\/2026\/04\/post-partum.png",960,640,false],"thumbnail":["https:\/\/www.loasisdeceline.fr\/wp-content\/uploads\/2026\/04\/post-partum-150x150.png",150,150,true],"medium":["https:\/\/www.loasisdeceline.fr\/wp-content\/uploads\/2026\/04\/post-partum-300x200.png",300,200,true],"medium_large":["https:\/\/www.loasisdeceline.fr\/wp-content\/uploads\/2026\/04\/post-partum-768x512.png",768,512,true],"large":["https:\/\/www.loasisdeceline.fr\/wp-content\/uploads\/2026\/04\/post-partum.png",960,640,false],"1536x1536":["https:\/\/www.loasisdeceline.fr\/wp-content\/uploads\/2026\/04\/post-partum.png",960,640,false],"2048x2048":["https:\/\/www.loasisdeceline.fr\/wp-content\/uploads\/2026\/04\/post-partum.png",960,640,false],"trp-custom-language-flag":["https:\/\/www.loasisdeceline.fr\/wp-content\/uploads\/2026\/04\/post-partum-18x12.png",18,12,true]},"uagb_author_info":{"display_name":"C\u00e9line Jimenez","author_link":"https:\/\/www.loasisdeceline.fr\/es\/author\/oasis2cb\/"},"uagb_comment_info":0,"uagb_excerpt":"\u23f1\ufe0f3mn Pr\u00e9parer son post-partum, on en parle encore trop peu. On te parle beaucoup de la grossesse et de l\u2019accouchement.\u00a0 Pourtant, ce qui vient apr\u00e8s reste encore flou pour beaucoup de femmes. Pr\u00e9parer son post-partum est souvent rel\u00e9gu\u00e9 au second plan. On pr\u00e9voit une valise, quelques affaires pour le b\u00e9b\u00e9, parfois un projet de naissance.\u00a0&hellip;","_links":{"self":[{"href":"https:\/\/www.loasisdeceline.fr\/es\/wp-json\/wp\/v2\/posts\/20740","targetHints":{"allow":["GET"]}}],"collection":[{"href":"https:\/\/www.loasisdeceline.fr\/es\/wp-json\/wp\/v2\/posts"}],"about":[{"href":"https:\/\/www.loasisdeceline.fr\/es\/wp-json\/wp\/v2\/types\/post"}],"author":[{"embeddable":true,"href":"https:\/\/www.loasisdeceline.fr\/es\/wp-json\/wp\/v2\/users\/2"}],"replies":[{"embeddable":true,"href":"https:\/\/www.loasisdeceline.fr\/es\/wp-json\/wp\/v2\/comments?post=20740"}],"version-history":[{"count":24,"href":"https:\/\/www.loasisdeceline.fr\/es\/wp-json\/wp\/v2\/posts\/20740\/revisions"}],"predecessor-version":[{"id":21083,"href":"https:\/\/www.loasisdeceline.fr\/es\/wp-json\/wp\/v2\/posts\/20740\/revisions\/21083"}],"wp:featuredmedia":[{"embeddable":true,"href":"https:\/\/www.loasisdeceline.fr\/es\/wp-json\/wp\/v2\/media\/20756"}],"wp:attachment":[{"href":"https:\/\/www.loasisdeceline.fr\/es\/wp-json\/wp\/v2\/media?parent=20740"}],"wp:term":[{"taxonomy":"category","embeddable":true,"href":"https:\/\/www.loasisdeceline.fr\/es\/wp-json\/wp\/v2\/categories?post=20740"},{"taxonomy":"post_tag","embeddable":true,"href":"https:\/\/www.loasisdeceline.fr\/es\/wp-json\/wp\/v2\/tags?post=20740"}],"curies":[{"name":"wp","href":"https:\/\/api.w.org\/{rel}","templated":true}]}}