{"id":20680,"date":"2026-04-01T15:30:58","date_gmt":"2026-04-01T15:30:58","guid":{"rendered":"https:\/\/www.loasisdeceline.fr\/?p=20680"},"modified":"2026-04-23T11:30:43","modified_gmt":"2026-04-23T11:30:43","slug":"solitude-post-partum","status":"publish","type":"post","link":"https:\/\/www.loasisdeceline.fr\/es\/solitude-post-partum\/","title":{"rendered":"Soledad en el posparto: por qu\u00e9 te sientes sola despu\u00e9s de dar a luz"},"content":{"rendered":"<div data-elementor-type=\"wp-post\" data-elementor-id=\"20680\" class=\"elementor elementor-20680\">\n\t\t\t\t<div class=\"elementor-element elementor-element-5ec7a86 e-flex e-con-boxed wpr-particle-no wpr-jarallax-no wpr-parallax-no wpr-sticky-section-no wpr-equal-height-no e-con e-parent\" data-id=\"5ec7a86\" data-element_type=\"container\" data-e-type=\"container\">\n\t\t\t\t\t<div class=\"e-con-inner\">\n\t\t\t\t<div class=\"elementor-element elementor-element-f237431 elementor-widget elementor-widget-image\" data-id=\"f237431\" data-element_type=\"widget\" data-e-type=\"widget\" data-widget_type=\"image.default\">\n\t\t\t\t<div class=\"elementor-widget-container\">\n\t\t\t\t\t\t\t\t\t\t\t\t\t\t\t<img fetchpriority=\"high\" decoding=\"async\" width=\"1000\" height=\"667\" src=\"https:\/\/www.loasisdeceline.fr\/wp-content\/uploads\/2026\/04\/solitude-postpartum2.jpeg\" class=\"attachment-large size-large wp-image-20751\" alt=\"femme seule post partum mujer sola posparto\" srcset=\"https:\/\/www.loasisdeceline.fr\/wp-content\/uploads\/2026\/04\/solitude-postpartum2.jpeg 1000w, https:\/\/www.loasisdeceline.fr\/wp-content\/uploads\/2026\/04\/solitude-postpartum2-300x200.jpeg 300w, https:\/\/www.loasisdeceline.fr\/wp-content\/uploads\/2026\/04\/solitude-postpartum2-768x512.jpeg 768w, https:\/\/www.loasisdeceline.fr\/wp-content\/uploads\/2026\/04\/solitude-postpartum2-18x12.jpeg 18w\" sizes=\"(max-width: 1000px) 100vw, 1000px\" \/>\t\t\t\t\t\t\t\t\t\t\t\t\t\t\t<\/div>\n\t\t\t\t<\/div>\n\t\t\t\t\t<\/div>\n\t\t\t\t<\/div>\n\t\t<div class=\"elementor-element elementor-element-d3222d0 e-flex e-con-boxed wpr-particle-no wpr-jarallax-no wpr-parallax-no wpr-sticky-section-no wpr-equal-height-no e-con e-parent\" data-id=\"d3222d0\" data-element_type=\"container\" data-e-type=\"container\">\n\t\t\t\t\t<div class=\"e-con-inner\">\n\t\t\t\t<div class=\"elementor-element elementor-element-2a03422 elementor-widget elementor-widget-text-editor\" data-id=\"2a03422\" data-element_type=\"widget\" data-e-type=\"widget\" data-widget_type=\"text-editor.default\">\n\t\t\t\t<div class=\"elementor-widget-container\">\n\t\t\t\t\t\t\t\t\t<p><img decoding=\"async\" class=\"emoji\" role=\"img\" draggable=\"false\" src=\"https:\/\/s.w.org\/images\/core\/emoji\/17.0.2\/svg\/23f1.svg\" alt=\"\u23f1\ufe0f\" \/>4 min<\/p>\t\t\t\t\t\t\t\t<\/div>\n\t\t\t\t<\/div>\n\t\t\t\t<div class=\"elementor-element elementor-element-bb3eae4 elementor-widget elementor-widget-text-editor\" data-id=\"bb3eae4\" data-element_type=\"widget\" data-e-type=\"widget\" data-widget_type=\"text-editor.default\">\n\t\t\t\t<div class=\"elementor-widget-container\">\n\t\t\t\t\t\t\t\t\t<p data-start=\"679\" data-end=\"901\"><em><strong data-start=\"679\" data-end=\"706\">La soledad en el posparto:<\/strong> te han hablado del parto, de la maleta, del plan de nacimiento, de la vuelta a casa\u2026<\/em><br data-start=\"800\" data-end=\"803\" \/><em>Pero ese momento preciso, cuando todo cae de golpe una vez que la puerta se cierra, se menciona mucho menos.<\/em><\/p><p data-start=\"903\" data-end=\"1037\"><em>El cansancio est\u00e1 ah\u00ed. Las emociones tambi\u00e9n. Y a veces, sin avisar, aparece una sensaci\u00f3n m\u00e1s difusa: <strong data-start=\"1009\" data-end=\"1036\">te sientes sola durante este posparto.<\/strong>.<\/em><\/p><p data-start=\"1039\" data-end=\"1143\"><em>No necesariamente porque est\u00e9s sola.<\/em><br data-start=\"1075\" data-end=\"1078\" \/><em>Sino porque nadie parece estar viviendo exactamente lo que t\u00fa est\u00e1s viviendo.<\/em><\/p><p data-start=\"1145\" data-end=\"1314\"><em>A veces,<strong data-start=\"1145\" data-end=\"1213\"> Te sorprendes pensando que no te esperabas esto<\/strong>, que algo no encaja con la imagen que ten\u00edas.<\/em><br data-start=\"1272\" data-end=\"1275\" \/><em>Entonces, lo que sientes tiene sentido.<\/em><\/p>\t\t\t\t\t\t\t\t<\/div>\n\t\t\t\t<\/div>\n\t\t\t\t\t<\/div>\n\t\t\t\t<\/div>\n\t\t<div class=\"elementor-element elementor-element-092ab5b e-flex e-con-boxed wpr-particle-no wpr-jarallax-no wpr-parallax-no wpr-sticky-section-no wpr-equal-height-no e-con e-parent\" data-id=\"092ab5b\" data-element_type=\"container\" data-e-type=\"container\">\n\t\t\t\t\t<div class=\"e-con-inner\">\n\t\t\t\t<div class=\"elementor-element elementor-element-19678f9 elementor-widget elementor-widget-heading\" data-id=\"19678f9\" data-element_type=\"widget\" data-e-type=\"widget\" data-widget_type=\"heading.default\">\n\t\t\t\t<div class=\"elementor-widget-container\">\n\t\t\t\t\t<h2 class=\"elementor-heading-title elementor-size-default\">Por qu\u00e9 puedes sentirte sola en el posparto<\/h2>\t\t\t\t<\/div>\n\t\t\t\t<\/div>\n\t\t\t\t<div class=\"elementor-element elementor-element-a798258 elementor-widget elementor-widget-text-editor\" data-id=\"a798258\" data-element_type=\"widget\" data-e-type=\"widget\" data-widget_type=\"text-editor.default\">\n\t\t\t\t<div class=\"elementor-widget-container\">\n\t\t\t\t\t\t\t\t\t<p data-start=\"970\" data-end=\"1036\">El posparto no es una simple continuidad. Es una ruptura.<\/p><p data-start=\"1038\" data-end=\"1194\">Tu cuerpo sale del parto. Tus hormonas bajan. Tu ritmo estalla.\nTu d\u00eda a d\u00eda se reorganiza alrededor de un beb\u00e9 al que a\u00fan est\u00e1s aprendiendo a conocer.<\/p><p data-start=\"1196\" data-end=\"1258\">Y en medio de todo eso, est\u00e1s t\u00fa, adapt\u00e1ndote sin pausa.<\/p><p data-start=\"1260\" data-end=\"1465\">Ese desfase entre lo que vives realmente y lo que hab\u00edas imaginado crea una tensi\u00f3n interior. <strong>Una sensaci\u00f3n de no tener ya referencias s\u00f3lidas.<\/strong> Es en ese espacio donde puede aparecer la soledad.<\/p>\t\t\t\t\t\t\t\t<\/div>\n\t\t\t\t<\/div>\n\t\t\t\t<div class=\"elementor-element elementor-element-afaf347 elementor-widget elementor-widget-heading\" data-id=\"afaf347\" data-element_type=\"widget\" data-e-type=\"widget\" data-widget_type=\"heading.default\">\n\t\t\t\t<div class=\"elementor-widget-container\">\n\t\t\t\t\t<h2 class=\"elementor-heading-title elementor-size-default\">Sentirse sola despu\u00e9s del parto, incluso estando acompa\u00f1ada<\/h2>\t\t\t\t<\/div>\n\t\t\t\t<\/div>\n\t\t\t\t<div class=\"elementor-element elementor-element-bd85faa elementor-widget elementor-widget-text-editor\" data-id=\"bd85faa\" data-element_type=\"widget\" data-e-type=\"widget\" data-widget_type=\"text-editor.default\">\n\t\t\t\t<div class=\"elementor-widget-container\">\n\t\t\t\t\t\t\t\t\t<p data-start=\"1526\" data-end=\"1623\">Muchas mujeres dicen lo mismo: <strong>no est\u00e1n solas, pero se sienten solas.<\/strong><\/p><p data-start=\"1625\" data-end=\"1743\">Hay una pareja, a veces familia, incluso profesionales.\nY aun as\u00ed, algo no se encuentra.<\/p><p data-start=\"1745\" data-end=\"1910\">Nadie vive lo que sientes en tu cuerpo.\nNadie atraviesa tus noches.\nNadie sostiene esa mezcla de amor, agotamiento, dudas y responsabilidad.<\/p><p data-start=\"1912\" data-end=\"2042\">Esta soledad no est\u00e1 relacionada con una falta de presencia a tu alrededor. <strong>Viene de la ausencia de eco a lo que est\u00e1s viviendo por dentro.<\/strong><\/p>\t\t\t\t\t\t\t\t<\/div>\n\t\t\t\t<\/div>\n\t\t\t\t<div class=\"elementor-element elementor-element-95c4a1e elementor-widget elementor-widget-image\" data-id=\"95c4a1e\" data-element_type=\"widget\" data-e-type=\"widget\" data-widget_type=\"image.default\">\n\t\t\t\t<div class=\"elementor-widget-container\">\n\t\t\t\t\t\t\t\t\t\t\t\t\t\t\t<img decoding=\"async\" width=\"960\" height=\"640\" src=\"https:\/\/www.loasisdeceline.fr\/wp-content\/uploads\/2026\/04\/IMAGES-BLOG.png\" class=\"attachment-large size-large wp-image-21040\" alt=\"fatigue post partum isolement jeune maman\" srcset=\"https:\/\/www.loasisdeceline.fr\/wp-content\/uploads\/2026\/04\/IMAGES-BLOG.png 960w, https:\/\/www.loasisdeceline.fr\/wp-content\/uploads\/2026\/04\/IMAGES-BLOG-300x200.png 300w, https:\/\/www.loasisdeceline.fr\/wp-content\/uploads\/2026\/04\/IMAGES-BLOG-768x512.png 768w, https:\/\/www.loasisdeceline.fr\/wp-content\/uploads\/2026\/04\/IMAGES-BLOG-18x12.png 18w\" sizes=\"(max-width: 960px) 100vw, 960px\" \/>\t\t\t\t\t\t\t\t\t\t\t\t\t\t\t<\/div>\n\t\t\t\t<\/div>\n\t\t\t\t<div class=\"elementor-element elementor-element-d8eb058 elementor-widget elementor-widget-heading\" data-id=\"d8eb058\" data-element_type=\"widget\" data-e-type=\"widget\" data-widget_type=\"heading.default\">\n\t\t\t\t<div class=\"elementor-widget-container\">\n\t\t\t\t\t<h2 class=\"elementor-heading-title elementor-size-default\">Una realidad poco nombrada, a menudo minimizada\u2026<\/h2>\t\t\t\t<\/div>\n\t\t\t\t<\/div>\n\t\t\t\t<div class=\"elementor-element elementor-element-cf14e04 elementor-widget elementor-widget-text-editor\" data-id=\"cf14e04\" data-element_type=\"widget\" data-e-type=\"widget\" data-widget_type=\"text-editor.default\">\n\t\t\t\t<div class=\"elementor-widget-container\">\n\t\t\t\t\t\t\t\t\t<p data-start=\"2090\" data-end=\"2130\">El posparto sigue estando muy idealizado.<\/p><p data-start=\"2132\" data-end=\"2272\">Se habla de felicidad, de encuentro, de fusi\u00f3n. <strong>De instinto materno<\/strong>\u2026 Mucho menos del cansancio que aplasta, de las emociones que desbordan, de la sensaci\u00f3n de desajuste.<\/p><p data-start=\"2274\" data-end=\"2411\">Entonces, cuando estas sensaciones aparecen, a menudo se viven como un problema personal. <strong>Como si algo no funcionara en ti.<\/strong><\/p><p data-start=\"2413\" data-end=\"2497\">En realidad, lo que est\u00e1s viviendo es frecuente.\nSimplemente, rara vez se nombra con claridad.<\/p>\t\t\t\t\t\t\t\t<\/div>\n\t\t\t\t<\/div>\n\t\t\t\t<div class=\"elementor-element elementor-element-cf61885 elementor-widget elementor-widget-heading\" data-id=\"cf61885\" data-element_type=\"widget\" data-e-type=\"widget\" data-widget_type=\"heading.default\">\n\t\t\t\t<div class=\"elementor-widget-container\">\n\t\t\t\t\t<h2 class=\"elementor-heading-title elementor-size-default\">Lo que esta soledad revela realmente<\/h2>\t\t\t\t<\/div>\n\t\t\t\t<\/div>\n\t\t\t\t<div class=\"elementor-element elementor-element-d8a57c2 elementor-widget elementor-widget-text-editor\" data-id=\"d8a57c2\" data-element_type=\"widget\" data-e-type=\"widget\" data-widget_type=\"text-editor.default\">\n\t\t\t\t<div class=\"elementor-widget-container\">\n\t\t\t\t\t\t\t\t\t<p data-start=\"2543\" data-end=\"2600\">Sentirte sola despu\u00e9s del parto no es un fracaso.<\/p><p data-start=\"2602\" data-end=\"2677\"><strong>Es la se\u00f1al de que est\u00e1s atravesando una transformaci\u00f3n profunda.<\/strong><\/p><p data-start=\"2679\" data-end=\"2751\">Tu identidad evoluciona. Tu relaci\u00f3n contigo cambia.\nTus referencias se mueven.<\/p><p data-start=\"2753\" data-end=\"2860\">Este proceso no puede ser \u00fanicamente log\u00edstico. <strong>Es emocional, f\u00edsico, a veces incluso existencial.<\/strong><\/p><p data-start=\"2862\" data-end=\"2928\">La soledad aparece a menudo cuando este movimiento no est\u00e1 sostenido.<\/p>\t\t\t\t\t\t\t\t<\/div>\n\t\t\t\t<\/div>\n\t\t\t\t<div class=\"elementor-element elementor-element-6c4aef6 elementor-widget elementor-widget-heading\" data-id=\"6c4aef6\" data-element_type=\"widget\" data-e-type=\"widget\" data-widget_type=\"heading.default\">\n\t\t\t\t<div class=\"elementor-widget-container\">\n\t\t\t\t\t<h2 class=\"elementor-heading-title elementor-size-default\">Lo que puede cambiar tu vivencia <\/h2>\t\t\t\t<\/div>\n\t\t\t\t<\/div>\n\t\t\t\t<div class=\"elementor-element elementor-element-9e10c14 elementor-widget elementor-widget-text-editor\" data-id=\"9e10c14\" data-element_type=\"widget\" data-e-type=\"widget\" data-widget_type=\"text-editor.default\">\n\t\t\t\t<div class=\"elementor-widget-container\">\n\t\t\t\t\t\t\t\t\t<p data-start=\"2965\" data-end=\"3069\">No necesitas m\u00e1s consejos.\nNi que te repitan que descanses cuando tu beb\u00e9 duerme.<\/p><p data-start=\"3071\" data-end=\"3126\">Lo que realmente cambia las cosas es otra cosa.<\/p><p data-start=\"3128\" data-end=\"3307\"><strong>Poder decir lo que est\u00e1s viviendo sin que se minimice.<\/strong> Ser escuchada sin que intenten corregirte. Estar rodeada de personas que conocen esta etapa m\u00e1s all\u00e1 de la teor\u00eda.<\/p><p data-start=\"3309\" data-end=\"3353\"><strong>Y, sobre todo, dejar de cargar sola con lo que pasa dentro de ti.<\/strong><\/p><p data-start=\"3355\" data-end=\"3551\">El posparto no est\u00e1 pensado para vivirlo en total autonom\u00eda. Es una fase que requiere presencia, apoyo y <a href=\"https:\/\/www.loasisdeceline.fr\/es\/massages-feminins-rebozo-gironde\/\">un espacio<\/a> donde puedas existir m\u00e1s all\u00e1 de tu papel de madre.<\/p>\t\t\t\t\t\t\t\t<\/div>\n\t\t\t\t<\/div>\n\t\t\t\t<div class=\"elementor-element elementor-element-cdcd182 elementor-widget elementor-widget-image\" data-id=\"cdcd182\" data-element_type=\"widget\" data-e-type=\"widget\" data-widget_type=\"image.default\">\n\t\t\t\t<div class=\"elementor-widget-container\">\n\t\t\t\t\t\t\t\t\t\t\t\t\t\t\t<img decoding=\"async\" width=\"960\" height=\"640\" src=\"https:\/\/www.loasisdeceline.fr\/wp-content\/uploads\/2026\/04\/IMAGES-BLOG-1.png\" class=\"attachment-large size-large wp-image-21045\" alt=\"r\u00e9alit\u00e9 post partum vs attentes maternit\u00e9\" srcset=\"https:\/\/www.loasisdeceline.fr\/wp-content\/uploads\/2026\/04\/IMAGES-BLOG-1.png 960w, https:\/\/www.loasisdeceline.fr\/wp-content\/uploads\/2026\/04\/IMAGES-BLOG-1-300x200.png 300w, https:\/\/www.loasisdeceline.fr\/wp-content\/uploads\/2026\/04\/IMAGES-BLOG-1-768x512.png 768w, https:\/\/www.loasisdeceline.fr\/wp-content\/uploads\/2026\/04\/IMAGES-BLOG-1-18x12.png 18w\" sizes=\"(max-width: 960px) 100vw, 960px\" \/>\t\t\t\t\t\t\t\t\t\t\t\t\t\t\t<\/div>\n\t\t\t\t<\/div>\n\t\t\t\t\t<\/div>\n\t\t\t\t<\/div>\n\t\t<div class=\"elementor-element elementor-element-722879c e-flex e-con-boxed wpr-particle-no wpr-jarallax-no wpr-parallax-no wpr-sticky-section-no wpr-equal-height-no e-con e-parent\" data-id=\"722879c\" data-element_type=\"container\" data-e-type=\"container\">\n\t\t\t\t\t<div class=\"e-con-inner\">\n\t\t\t\t<div class=\"elementor-element elementor-element-d700905 elementor-widget elementor-widget-text-editor\" data-id=\"d700905\" data-element_type=\"widget\" data-e-type=\"widget\" data-widget_type=\"text-editor.default\">\n\t\t\t\t<div class=\"elementor-widget-container\">\n\t\t\t\t\t\t\t\t\t<p data-start=\"742\" data-end=\"831\"><strong data-start=\"742\" data-end=\"831\">La soledad en el posparto es una experiencia frecuente, aunque sigue siendo poco visible. <\/strong><strong>Sentirse sola despu\u00e9s del parto no tiene nada de anormal.<\/strong><\/p><p data-start=\"3625\" data-end=\"3710\"><strong>Es una experiencia compartida por muchas mujeres,\naunque siga siendo poco visible.<\/strong><\/p><p data-start=\"3712\" data-end=\"3801\"><strong>Ponerle palabras ya cambia algo.<\/strong><br data-start=\"3761\" data-end=\"3764\" \/><strong>No quedarte sola con ello, a\u00fan m\u00e1s.<\/strong><\/p><p data-start=\"3712\" data-end=\"3801\">Si lo que acabas de leer resuena contigo,\nes posible estar acompa\u00f1ada en esta etapa\ny dejar de cargar con todo sola.<\/p>\t\t\t\t\t\t\t\t<\/div>\n\t\t\t\t<\/div>\n\t\t\t\t\t<\/div>\n\t\t\t\t<\/div>\n\t\t<div class=\"elementor-element elementor-element-504be71 e-flex e-con-boxed wpr-particle-no wpr-jarallax-no wpr-parallax-no wpr-sticky-section-no wpr-equal-height-no e-con e-parent\" data-id=\"504be71\" data-element_type=\"container\" data-e-type=\"container\">\n\t\t\t\t\t<div class=\"e-con-inner\">\n\t\t\t\t<div class=\"elementor-element elementor-element-a8bebe1 elementor-widget elementor-widget-button\" data-id=\"a8bebe1\" data-element_type=\"widget\" data-e-type=\"widget\" data-widget_type=\"button.default\">\n\t\t\t\t<div class=\"elementor-widget-container\">\n\t\t\t\t\t\t\t\t\t<div class=\"elementor-button-wrapper\">\n\t\t\t\t\t<a class=\"elementor-button elementor-button-link elementor-size-sm\" href=\"https:\/\/www.loasisdeceline.fr\/es\/contact-doula-grossesse-gironde\/\">\n\t\t\t\t\t\t<span class=\"elementor-button-content-wrapper\">\n\t\t\t\t\t\t\t\t\t<span class=\"elementor-button-text\">\u00a1Por aqu\u00ed!<\/span>\n\t\t\t\t\t<\/span>\n\t\t\t\t\t<\/a>\n\t\t\t\t<\/div>\n\t\t\t\t\t\t\t\t<\/div>\n\t\t\t\t<\/div>\n\t\t\t\t\t<\/div>\n\t\t\t\t<\/div>\n\t\t<div class=\"elementor-element elementor-element-1cdc528 e-flex e-con-boxed wpr-particle-no wpr-jarallax-no wpr-parallax-no wpr-sticky-section-no wpr-equal-height-no e-con e-parent\" data-id=\"1cdc528\" data-element_type=\"container\" data-e-type=\"container\">\n\t\t\t\t\t<div class=\"e-con-inner\">\n\t\t\t\t<div class=\"elementor-element elementor-element-44c49a4 elementor-widget elementor-widget-heading\" data-id=\"44c49a4\" data-element_type=\"widget\" data-e-type=\"widget\" data-widget_type=\"heading.default\">\n\t\t\t\t<div class=\"elementor-widget-container\">\n\t\t\t\t\t<h3 class=\"elementor-heading-title elementor-size-default\">Recursos y apoyo si te sientes en dificultad<\/h3>\t\t\t\t<\/div>\n\t\t\t\t<\/div>\n\t\t\t\t<div class=\"elementor-element elementor-element-6c2cf98 elementor-widget elementor-widget-text-editor\" data-id=\"6c2cf98\" data-element_type=\"widget\" data-e-type=\"widget\" data-widget_type=\"text-editor.default\">\n\t\t\t\t<div class=\"elementor-widget-container\">\n\t\t\t\t\t\t\t\t\t<p data-start=\"57\" data-end=\"228\">Si la soledad se vuelve pesada, invasiva, o sientes que te est\u00e1s hundiendo, existen recursos concretos a los que puedes acudir. No tienes que gestionar esto sola.<\/p><p data-start=\"230\" data-end=\"438\"><a href=\"https:\/\/www.maman-blues.fr\/\"><strong>La Asociaci\u00f3n Maman Blues<\/strong><\/a> (Francia) y <a href=\"https:\/\/asociacionpsicologiaperinatal.es\/\"><strong>la Asociaci\u00f3n Espa\u00f1ola de Psicolog\u00eda Perinatal (AEPP) <\/strong><\/a>(Espa\u00f1a) propone un espacio dedicado a la experiencia del posparto: testimonios, foro, grupos de apoyo y l\u00ednea de escucha. Puedes encontrar palabras para lo que est\u00e1s viviendo y, sobre todo, un eco.<\/p><p data-start=\"440\" data-end=\"745\">Si aparecen pensamientos muy oscuros, especialmente ideas suicidas, contacta inmediatamente con el <strong data-start=\"541\" data-end=\"549\"><a href=\"https:\/\/3114.fr\/\">3114<\/a> (Francia) <\/strong>y el<strong data-start=\"541\" data-end=\"549\"><a href=\"https:\/\/www.sanidad.gob.es\/linea024\/home.htm\"> 024<\/a> (Espa\u00f1a)<\/strong>. Es el n\u00famero nacional de prevenci\u00f3n del suicidio, disponible 24h\/24, gratuito, con profesionales formados para escucharte y acompa\u00f1arte. Es una urgencia, y tu seguridad es lo primero.<\/p><p data-start=\"747\" data-end=\"1001\">Tambi\u00e9n puedes beneficiarte de un acompa\u00f1amiento con un\/a psic\u00f3logo\/a (en Francia, a trav\u00e9s del dispositivo <a href=\"https:\/\/www.ameli.fr\/assure\/remboursements\/rembourse\/remboursement-seance-psychologue-mon-soutien-psy\"><strong data-start=\"830\" data-end=\"848\">MonParcoursPsy <\/strong><\/a>que permite acceder a sesiones cubiertas).\nHablar con un\/a profesional puede ayudarte a dar sentido a lo que est\u00e1s viviendo y a no quedarte sola con ello.<\/p><p data-start=\"1003\" data-end=\"1123\" data-is-last-node=\"\" data-is-only-node=\"\"><strong>Pedir ayuda no significa que no puedas.<\/strong><br data-start=\"1061\" data-end=\"1064\" \/><strong>Significa que est\u00e1s tomando en serio lo que est\u00e1s atravesando.<\/strong><\/p>\t\t\t\t\t\t\t\t<\/div>\n\t\t\t\t<\/div>\n\t\t\t\t\t<\/div>\n\t\t\t\t<\/div>\n\t\t\t\t<\/div>","protected":false},"excerpt":{"rendered":"<p>4 mn La solitude en post-partum: on t\u2019a parl\u00e9 de l\u2019accouchement, de la valise, du projet de naissance, du retour \u00e0 la maison&#8230;Mais ce moment pr\u00e9cis, celui o\u00f9 tout retombe une fois la porte ferm\u00e9e, on en parle beaucoup moins. La fatigue est l\u00e0. Les \u00e9motions aussi. Et parfois, sans pr\u00e9venir, une sensation plus diffuse s\u2019installe : tu te sens seule pendant ce post-partum. Pas forc\u00e9ment parce que tu es seule.Mais parce que personne ne semble vivre exactement ce que tu vis. Parfois, tu te surprends \u00e0 penser que tu ne t\u2019attendais pas \u00e0 \u00e7a, que quelque chose ne colle pas avec l\u2019image que tu avais.Alors, ce que tu ressens a du sens. Pourquoi tu peux te sentir seule en post-partum Le post-partum n\u2019est pas une simple continuit\u00e9. C\u2019est une rupture. Ton corps sort de l\u2019accouchement. Tes hormones chutent. Ton rythme explose. Ton quotidien se r\u00e9organise autour d\u2019un b\u00e9b\u00e9 que tu apprends encore \u00e0 conna\u00eetre. Et au milieu de tout \u00e7a, il y a toi, qui t\u2019adaptes sans pause. Ce d\u00e9calage entre ce que tu vis r\u00e9ellement et ce que tu avais imagin\u00e9 cr\u00e9e une tension int\u00e9rieure. Une impression de ne plus avoir de rep\u00e8res solides. C\u2019est dans cet espace que la solitude peut appara\u00eetre. Se sentir seule apr\u00e8s un accouchement, m\u00eame entour\u00e9e Beaucoup de femmes disent la m\u00eame chose : elles ne sont pas seules, mais elles se sentent seules. Il y a un partenaire, parfois une famille, parfois m\u00eame des professionnels. Pourtant, quelque chose ne se rejoint pas. Personne ne vit ce que tu ressens dans ton corps. Personne ne traverse tes nuits. Personne ne porte ce m\u00e9lange d\u2019amour, d\u2019\u00e9puisement, de doutes et de responsabilit\u00e9. Cette solitude n\u2019est pas li\u00e9e \u00e0 un manque de pr\u00e9sence autour de toi. Elle vient de l\u2019absence d\u2019\u00e9cho \u00e0 ce que tu vis \u00e0 l\u2019int\u00e9rieur. Une r\u00e9alit\u00e9 peu dite, souvent minimis\u00e9e&#8230; Le post-partum reste largement id\u00e9alis\u00e9. On parle de bonheur, de rencontre, de fusion. D&rsquo;instinct maternel&#8230; Beaucoup moins de la fatigue qui \u00e9crase, des \u00e9motions qui d\u00e9bordent, du sentiment de d\u00e9calage. Alors quand ces ressentis apparaissent, ils sont souvent v\u00e9cus comme un probl\u00e8me personnel. Comme si quelque chose n\u2019allait pas chez toi. En r\u00e9alit\u00e9, ce que tu vis est fr\u00e9quent. Simplement, c\u2019est rarement nomm\u00e9 clairement. Ce que cette solitude r\u00e9v\u00e8le vraiment Se sentir seule apr\u00e8s un accouchement n\u2019est pas un \u00e9chec. C\u2019est le signe que tu es en train de traverser une transformation profonde. Ton identit\u00e9 \u00e9volue. Ton rapport \u00e0 toi change. Tes rep\u00e8res se d\u00e9placent. Ce processus ne peut pas \u00eatre uniquement logistique. Il est \u00e9motionnel, physique, parfois m\u00eame existentiel. La solitude appara\u00eet souvent quand ce mouvement n\u2019est pas soutenu. Ce qui peut changer ton v\u00e9cu Tu n\u2019as pas besoin de plus de conseils. Ni qu\u2019on te r\u00e9p\u00e8te de te reposer quand ton b\u00e9b\u00e9 dort. Ce qui change r\u00e9ellement les choses, c\u2019est autre chose. Pouvoir dire ce que tu vis sans \u00eatre minimis\u00e9e. \u00catre entendue sans qu\u2019on cherche \u00e0 corriger. \u00catre entour\u00e9e par des personnes qui connaissent cette p\u00e9riode autrement qu\u2019en th\u00e9orie. Et surtout, ne plus porter seule ce qui se passe en toi. Le post-partum n\u2019est pas cens\u00e9 \u00eatre un moment que tu g\u00e8res en autonomie totale. C\u2019est une phase qui demande de la pr\u00e9sence, du soutien, et un espace o\u00f9 tu peux exister au-del\u00e0 de ton r\u00f4le de m\u00e8re. La solitude post-partum est une exp\u00e9rience fr\u00e9quente, m\u00eame si elle reste peu visible. Se sentir seule apr\u00e8s un accouchement n\u2019a rien d\u2019anormal. C\u2019est une exp\u00e9rience partag\u00e9e par beaucoup de femmes, m\u00eame si elle reste peu visible. Mettre des mots dessus change d\u00e9j\u00e0 quelque chose.Ne pas rester seule avec encore plus. Si ce que tu viens de lire fait \u00e9cho \u00e0 ce que tu vis, il est possible d\u2019\u00eatre accompagn\u00e9e dans cette p\u00e9riode et de ne plus porter \u00e7a seule. Par ici ! Ressources et aides si tu te sens en difficult\u00e9 Si la solitude devient lourde, envahissante, ou que tu sens que tu t\u2019enfonces, il existe des ressources concr\u00e8tes vers lesquelles te tourner. Tu n\u2019as pas \u00e0 g\u00e9rer \u00e7a seule. L\u2019association Maman Blues (France) et la Asociaci\u00f3n Espa\u00f1ola de Psicolog\u00eda Perinatal (AEPP) (Espagne) propose un espace d\u00e9di\u00e9 au v\u00e9cu du post-partum : t\u00e9moignages, forum, groupes de parole et ligne d\u2019\u00e9coute. Tu peux y trouver des mots sur ce que tu traverses et, surtout, un \u00e9cho. Si des pens\u00e9es tr\u00e8s sombres apparaissent, notamment des id\u00e9es suicidaires, contacte imm\u00e9diatement le 3114 (France) et le 024 (Espagne). C\u2019est le num\u00e9ro national de pr\u00e9vention du suicide, accessible 24h\/24, gratuit, avec des professionnels form\u00e9s pour t\u2019\u00e9couter et t\u2019accompagner. C\u2019est une urgence, et ta s\u00e9curit\u00e9 passe avant tout. Tu peux aussi b\u00e9n\u00e9ficier d\u2019un accompagnement avec un psychologue ( en France, via le dispositif MonParcoursPsy qui permet l\u2019acc\u00e8s \u00e0 des s\u00e9ances prises en charge). Parler \u00e0 un professionnel peut aider \u00e0 remettre du sens et \u00e0 ne pas rester seule avec ce que tu vis. Demander de l\u2019aide ne signifie pas que tu n\u2019y arrives pas.Cela signifie que tu prends au s\u00e9rieux ce que tu traverses.<\/p>","protected":false},"author":2,"featured_media":20751,"comment_status":"closed","ping_status":"open","sticky":false,"template":"","format":"standard","meta":{"_uag_custom_page_level_css":"","_monsterinsights_skip_tracking":false,"_monsterinsights_sitenote_active":false,"_monsterinsights_sitenote_note":"","_monsterinsights_sitenote_category":0,"site-sidebar-layout":"default","site-content-layout":"","ast-site-content-layout":"default","site-content-style":"default","site-sidebar-style":"default","ast-global-header-display":"","ast-banner-title-visibility":"","ast-main-header-display":"","ast-hfb-above-header-display":"","ast-hfb-below-header-display":"","ast-hfb-mobile-header-display":"","site-post-title":"","ast-breadcrumbs-content":"","ast-featured-img":"","footer-sml-layout":"","ast-disable-related-posts":"","theme-transparent-header-meta":"","adv-header-id-meta":"","stick-header-meta":"","header-above-stick-meta":"","header-main-stick-meta":"","header-below-stick-meta":"","astra-migrate-meta-layouts":"default","ast-page-background-enabled":"default","ast-page-background-meta":{"desktop":{"background-color":"var(--ast-global-color-4)","background-image":"","background-repeat":"repeat","background-position":"center center","background-size":"auto","background-attachment":"scroll","background-type":"","background-media":"","overlay-type":"","overlay-color":"","overlay-opacity":"","overlay-gradient":""},"tablet":{"background-color":"","background-image":"","background-repeat":"repeat","background-position":"center center","background-size":"auto","background-attachment":"scroll","background-type":"","background-media":"","overlay-type":"","overlay-color":"","overlay-opacity":"","overlay-gradient":""},"mobile":{"background-color":"","background-image":"","background-repeat":"repeat","background-position":"center center","background-size":"auto","background-attachment":"scroll","background-type":"","background-media":"","overlay-type":"","overlay-color":"","overlay-opacity":"","overlay-gradient":""}},"ast-content-background-meta":{"desktop":{"background-color":"var(--ast-global-color-5)","background-image":"","background-repeat":"repeat","background-position":"center center","background-size":"auto","background-attachment":"scroll","background-type":"","background-media":"","overlay-type":"","overlay-color":"","overlay-opacity":"","overlay-gradient":""},"tablet":{"background-color":"var(--ast-global-color-5)","background-image":"","background-repeat":"repeat","background-position":"center center","background-size":"auto","background-attachment":"scroll","background-type":"","background-media":"","overlay-type":"","overlay-color":"","overlay-opacity":"","overlay-gradient":""},"mobile":{"background-color":"var(--ast-global-color-5)","background-image":"","background-repeat":"repeat","background-position":"center center","background-size":"auto","background-attachment":"scroll","background-type":"","background-media":"","overlay-type":"","overlay-color":"","overlay-opacity":"","overlay-gradient":""}},"footnotes":""},"categories":[23],"tags":[],"class_list":["post-20680","post","type-post","status-publish","format-standard","has-post-thumbnail","hentry","category-le-vrai-post-partum"],"yoast_head":"<!-- This site is optimized with the Yoast SEO plugin v27.5 - https:\/\/yoast.com\/product\/yoast-seo-wordpress\/ -->\n<title>Solitude post-partum : se sentir seule apr\u00e8s un accouchement<\/title>\n<meta name=\"description\" content=\"Pourquoi tu peux te sentir seule apr\u00e8s ton accouchement, ce que ce sentiment r\u00e9v\u00e8le vraiment, et comment mieux vivre ton post-partum\" \/>\n<meta name=\"robots\" content=\"index, follow, max-snippet:-1, max-image-preview:large, max-video-preview:-1\" \/>\n<link rel=\"canonical\" href=\"https:\/\/www.loasisdeceline.fr\/es\/solitude-post-partum\/\" \/>\n<meta property=\"og:locale\" content=\"es_ES\" \/>\n<meta property=\"og:type\" content=\"article\" \/>\n<meta property=\"og:title\" content=\"Solitude post-partum : se sentir seule apr\u00e8s un accouchement\" \/>\n<meta property=\"og:description\" content=\"Pourquoi tu peux te sentir seule apr\u00e8s ton accouchement, ce que ce sentiment r\u00e9v\u00e8le vraiment, et comment mieux vivre ton post-partum\" \/>\n<meta property=\"og:url\" content=\"https:\/\/www.loasisdeceline.fr\/es\/solitude-post-partum\/\" \/>\n<meta property=\"og:site_name\" content=\"L&#039;Oasis de C\u00e9line\" \/>\n<meta property=\"article:published_time\" content=\"2026-04-01T15:30:58+00:00\" \/>\n<meta property=\"article:modified_time\" content=\"2026-04-23T11:30:43+00:00\" \/>\n<meta property=\"og:image\" content=\"https:\/\/www.loasisdeceline.fr\/wp-content\/uploads\/2026\/04\/solitude-postpartum2.jpeg\" \/>\n\t<meta property=\"og:image:width\" content=\"1000\" \/>\n\t<meta property=\"og:image:height\" content=\"667\" \/>\n\t<meta property=\"og:image:type\" content=\"image\/jpeg\" \/>\n<meta name=\"author\" content=\"C\u00e9line Jimenez\" \/>\n<meta name=\"twitter:card\" content=\"summary_large_image\" \/>\n<meta name=\"twitter:label1\" content=\"Escrito por\" \/>\n\t<meta name=\"twitter:data1\" content=\"C\u00e9line Jimenez\" \/>\n\t<meta name=\"twitter:label2\" content=\"Tiempo de lectura\" \/>\n\t<meta name=\"twitter:data2\" content=\"6 minutos\" \/>\n<script type=\"application\/ld+json\" class=\"yoast-schema-graph\">{\"@context\":\"https:\\\/\\\/schema.org\",\"@graph\":[{\"@type\":\"Article\",\"@id\":\"https:\\\/\\\/www.loasisdeceline.fr\\\/solitude-post-partum\\\/#article\",\"isPartOf\":{\"@id\":\"https:\\\/\\\/www.loasisdeceline.fr\\\/solitude-post-partum\\\/\"},\"author\":{\"name\":\"C\u00e9line Jimenez\",\"@id\":\"https:\\\/\\\/www.loasisdeceline.fr\\\/#\\\/schema\\\/person\\\/fa5a67321e6953b557d94ff36343fd0b\"},\"headline\":\"Solitude post-partum : pourquoi tu te sens seule apr\u00e8s ton accouchement ?\",\"datePublished\":\"2026-04-01T15:30:58+00:00\",\"dateModified\":\"2026-04-23T11:30:43+00:00\",\"mainEntityOfPage\":{\"@id\":\"https:\\\/\\\/www.loasisdeceline.fr\\\/solitude-post-partum\\\/\"},\"wordCount\":949,\"publisher\":{\"@id\":\"https:\\\/\\\/www.loasisdeceline.fr\\\/#organization\"},\"image\":{\"@id\":\"https:\\\/\\\/www.loasisdeceline.fr\\\/solitude-post-partum\\\/#primaryimage\"},\"thumbnailUrl\":\"https:\\\/\\\/www.loasisdeceline.fr\\\/wp-content\\\/uploads\\\/2026\\\/04\\\/solitude-postpartum2.jpeg\",\"articleSection\":[\"Le vrai post-partum\"],\"inLanguage\":\"es\"},{\"@type\":\"WebPage\",\"@id\":\"https:\\\/\\\/www.loasisdeceline.fr\\\/solitude-post-partum\\\/\",\"url\":\"https:\\\/\\\/www.loasisdeceline.fr\\\/solitude-post-partum\\\/\",\"name\":\"Solitude post-partum : se sentir seule apr\u00e8s un accouchement\",\"isPartOf\":{\"@id\":\"https:\\\/\\\/www.loasisdeceline.fr\\\/#website\"},\"primaryImageOfPage\":{\"@id\":\"https:\\\/\\\/www.loasisdeceline.fr\\\/solitude-post-partum\\\/#primaryimage\"},\"image\":{\"@id\":\"https:\\\/\\\/www.loasisdeceline.fr\\\/solitude-post-partum\\\/#primaryimage\"},\"thumbnailUrl\":\"https:\\\/\\\/www.loasisdeceline.fr\\\/wp-content\\\/uploads\\\/2026\\\/04\\\/solitude-postpartum2.jpeg\",\"datePublished\":\"2026-04-01T15:30:58+00:00\",\"dateModified\":\"2026-04-23T11:30:43+00:00\",\"description\":\"Pourquoi tu peux te sentir seule apr\u00e8s ton accouchement, ce que ce sentiment r\u00e9v\u00e8le vraiment, et comment mieux vivre ton post-partum\",\"breadcrumb\":{\"@id\":\"https:\\\/\\\/www.loasisdeceline.fr\\\/solitude-post-partum\\\/#breadcrumb\"},\"inLanguage\":\"es\",\"potentialAction\":[{\"@type\":\"ReadAction\",\"target\":[\"https:\\\/\\\/www.loasisdeceline.fr\\\/solitude-post-partum\\\/\"]}]},{\"@type\":\"ImageObject\",\"inLanguage\":\"es\",\"@id\":\"https:\\\/\\\/www.loasisdeceline.fr\\\/solitude-post-partum\\\/#primaryimage\",\"url\":\"https:\\\/\\\/www.loasisdeceline.fr\\\/wp-content\\\/uploads\\\/2026\\\/04\\\/solitude-postpartum2.jpeg\",\"contentUrl\":\"https:\\\/\\\/www.loasisdeceline.fr\\\/wp-content\\\/uploads\\\/2026\\\/04\\\/solitude-postpartum2.jpeg\",\"width\":1000,\"height\":667,\"caption\":\"femme seule post partum maman solo mujer sola posparto\"},{\"@type\":\"BreadcrumbList\",\"@id\":\"https:\\\/\\\/www.loasisdeceline.fr\\\/solitude-post-partum\\\/#breadcrumb\",\"itemListElement\":[{\"@type\":\"ListItem\",\"position\":1,\"name\":\"Accueil\",\"item\":\"https:\\\/\\\/www.loasisdeceline.fr\\\/\"},{\"@type\":\"ListItem\",\"position\":2,\"name\":\"Solitude post-partum : pourquoi tu te sens seule apr\u00e8s ton accouchement ?\"}]},{\"@type\":\"WebSite\",\"@id\":\"https:\\\/\\\/www.loasisdeceline.fr\\\/#website\",\"url\":\"https:\\\/\\\/www.loasisdeceline.fr\\\/\",\"name\":\"L'Oasis de C\u00e9line\",\"description\":\"C\u00e9line Jimenez, Accompagnante en p\u00e9rinatalit\u00e9 &amp; parentalit\u00e9\",\"publisher\":{\"@id\":\"https:\\\/\\\/www.loasisdeceline.fr\\\/#organization\"},\"potentialAction\":[{\"@type\":\"SearchAction\",\"target\":{\"@type\":\"EntryPoint\",\"urlTemplate\":\"https:\\\/\\\/www.loasisdeceline.fr\\\/?s={search_term_string}\"},\"query-input\":{\"@type\":\"PropertyValueSpecification\",\"valueRequired\":true,\"valueName\":\"search_term_string\"}}],\"inLanguage\":\"es\"},{\"@type\":\"Organization\",\"@id\":\"https:\\\/\\\/www.loasisdeceline.fr\\\/#organization\",\"name\":\"L'Oasis de C\u00e9line\",\"url\":\"https:\\\/\\\/www.loasisdeceline.fr\\\/\",\"logo\":{\"@type\":\"ImageObject\",\"inLanguage\":\"es\",\"@id\":\"https:\\\/\\\/www.loasisdeceline.fr\\\/#\\\/schema\\\/logo\\\/image\\\/\",\"url\":\"https:\\\/\\\/www.loasisdeceline.fr\\\/wp-content\\\/uploads\\\/2024\\\/10\\\/ODC-logo-sauge.png\",\"contentUrl\":\"https:\\\/\\\/www.loasisdeceline.fr\\\/wp-content\\\/uploads\\\/2024\\\/10\\\/ODC-logo-sauge.png\",\"width\":1182,\"height\":1182,\"caption\":\"L'Oasis de C\u00e9line\"},\"image\":{\"@id\":\"https:\\\/\\\/www.loasisdeceline.fr\\\/#\\\/schema\\\/logo\\\/image\\\/\"},\"sameAs\":[\"https:\\\/\\\/www.instagram.com\\\/loasis.de.celine\\\/\"]},{\"@type\":\"Person\",\"@id\":\"https:\\\/\\\/www.loasisdeceline.fr\\\/#\\\/schema\\\/person\\\/fa5a67321e6953b557d94ff36343fd0b\",\"name\":\"C\u00e9line Jimenez\",\"image\":{\"@type\":\"ImageObject\",\"inLanguage\":\"es\",\"@id\":\"https:\\\/\\\/secure.gravatar.com\\\/avatar\\\/2ce21eb196a74a586b8400edded3ea4e8f5856f96a45eb1609a75d9dbff71a89?s=96&d=mm&r=g\",\"url\":\"https:\\\/\\\/secure.gravatar.com\\\/avatar\\\/2ce21eb196a74a586b8400edded3ea4e8f5856f96a45eb1609a75d9dbff71a89?s=96&d=mm&r=g\",\"contentUrl\":\"https:\\\/\\\/secure.gravatar.com\\\/avatar\\\/2ce21eb196a74a586b8400edded3ea4e8f5856f96a45eb1609a75d9dbff71a89?s=96&d=mm&r=g\",\"caption\":\"C\u00e9line Jimenez\"},\"url\":\"https:\\\/\\\/www.loasisdeceline.fr\\\/es\\\/author\\\/oasis2cb\\\/\"}]}<\/script>\n<!-- \/ Yoast SEO plugin. -->","yoast_head_json":{"title":"Solitude post-partum : se sentir seule apr\u00e8s un accouchement","description":"Pourquoi tu peux te sentir seule apr\u00e8s ton accouchement, ce que ce sentiment r\u00e9v\u00e8le vraiment, et comment mieux vivre ton post-partum","robots":{"index":"index","follow":"follow","max-snippet":"max-snippet:-1","max-image-preview":"max-image-preview:large","max-video-preview":"max-video-preview:-1"},"canonical":"https:\/\/www.loasisdeceline.fr\/es\/solitude-post-partum\/","og_locale":"es_ES","og_type":"article","og_title":"Solitude post-partum : se sentir seule apr\u00e8s un accouchement","og_description":"Pourquoi tu peux te sentir seule apr\u00e8s ton accouchement, ce que ce sentiment r\u00e9v\u00e8le vraiment, et comment mieux vivre ton post-partum","og_url":"https:\/\/www.loasisdeceline.fr\/es\/solitude-post-partum\/","og_site_name":"L&#039;Oasis de C\u00e9line","article_published_time":"2026-04-01T15:30:58+00:00","article_modified_time":"2026-04-23T11:30:43+00:00","og_image":[{"width":1000,"height":667,"url":"https:\/\/www.loasisdeceline.fr\/wp-content\/uploads\/2026\/04\/solitude-postpartum2.jpeg","type":"image\/jpeg"}],"author":"C\u00e9line Jimenez","twitter_card":"summary_large_image","twitter_misc":{"Escrito por":"C\u00e9line Jimenez","Tiempo de lectura":"6 minutos"},"schema":{"@context":"https:\/\/schema.org","@graph":[{"@type":"Article","@id":"https:\/\/www.loasisdeceline.fr\/solitude-post-partum\/#article","isPartOf":{"@id":"https:\/\/www.loasisdeceline.fr\/solitude-post-partum\/"},"author":{"name":"C\u00e9line Jimenez","@id":"https:\/\/www.loasisdeceline.fr\/#\/schema\/person\/fa5a67321e6953b557d94ff36343fd0b"},"headline":"Solitude post-partum : pourquoi tu te sens seule apr\u00e8s ton accouchement ?","datePublished":"2026-04-01T15:30:58+00:00","dateModified":"2026-04-23T11:30:43+00:00","mainEntityOfPage":{"@id":"https:\/\/www.loasisdeceline.fr\/solitude-post-partum\/"},"wordCount":949,"publisher":{"@id":"https:\/\/www.loasisdeceline.fr\/#organization"},"image":{"@id":"https:\/\/www.loasisdeceline.fr\/solitude-post-partum\/#primaryimage"},"thumbnailUrl":"https:\/\/www.loasisdeceline.fr\/wp-content\/uploads\/2026\/04\/solitude-postpartum2.jpeg","articleSection":["Le vrai post-partum"],"inLanguage":"es"},{"@type":"WebPage","@id":"https:\/\/www.loasisdeceline.fr\/solitude-post-partum\/","url":"https:\/\/www.loasisdeceline.fr\/solitude-post-partum\/","name":"Solitude post-partum : se sentir seule apr\u00e8s un accouchement","isPartOf":{"@id":"https:\/\/www.loasisdeceline.fr\/#website"},"primaryImageOfPage":{"@id":"https:\/\/www.loasisdeceline.fr\/solitude-post-partum\/#primaryimage"},"image":{"@id":"https:\/\/www.loasisdeceline.fr\/solitude-post-partum\/#primaryimage"},"thumbnailUrl":"https:\/\/www.loasisdeceline.fr\/wp-content\/uploads\/2026\/04\/solitude-postpartum2.jpeg","datePublished":"2026-04-01T15:30:58+00:00","dateModified":"2026-04-23T11:30:43+00:00","description":"Pourquoi tu peux te sentir seule apr\u00e8s ton accouchement, ce que ce sentiment r\u00e9v\u00e8le vraiment, et comment mieux vivre ton post-partum","breadcrumb":{"@id":"https:\/\/www.loasisdeceline.fr\/solitude-post-partum\/#breadcrumb"},"inLanguage":"es","potentialAction":[{"@type":"ReadAction","target":["https:\/\/www.loasisdeceline.fr\/solitude-post-partum\/"]}]},{"@type":"ImageObject","inLanguage":"es","@id":"https:\/\/www.loasisdeceline.fr\/solitude-post-partum\/#primaryimage","url":"https:\/\/www.loasisdeceline.fr\/wp-content\/uploads\/2026\/04\/solitude-postpartum2.jpeg","contentUrl":"https:\/\/www.loasisdeceline.fr\/wp-content\/uploads\/2026\/04\/solitude-postpartum2.jpeg","width":1000,"height":667,"caption":"femme seule post partum maman solo mujer sola posparto"},{"@type":"BreadcrumbList","@id":"https:\/\/www.loasisdeceline.fr\/solitude-post-partum\/#breadcrumb","itemListElement":[{"@type":"ListItem","position":1,"name":"Accueil","item":"https:\/\/www.loasisdeceline.fr\/"},{"@type":"ListItem","position":2,"name":"Solitude post-partum : pourquoi tu te sens seule apr\u00e8s ton accouchement ?"}]},{"@type":"WebSite","@id":"https:\/\/www.loasisdeceline.fr\/#website","url":"https:\/\/www.loasisdeceline.fr\/","name":"L'Oasis de C\u00e9line","description":"C\u00e9line Jimenez, Accompagnante en p\u00e9rinatalit\u00e9 &amp; parentalit\u00e9","publisher":{"@id":"https:\/\/www.loasisdeceline.fr\/#organization"},"potentialAction":[{"@type":"SearchAction","target":{"@type":"EntryPoint","urlTemplate":"https:\/\/www.loasisdeceline.fr\/?s={search_term_string}"},"query-input":{"@type":"PropertyValueSpecification","valueRequired":true,"valueName":"search_term_string"}}],"inLanguage":"es"},{"@type":"Organization","@id":"https:\/\/www.loasisdeceline.fr\/#organization","name":"L'Oasis de C\u00e9line","url":"https:\/\/www.loasisdeceline.fr\/","logo":{"@type":"ImageObject","inLanguage":"es","@id":"https:\/\/www.loasisdeceline.fr\/#\/schema\/logo\/image\/","url":"https:\/\/www.loasisdeceline.fr\/wp-content\/uploads\/2024\/10\/ODC-logo-sauge.png","contentUrl":"https:\/\/www.loasisdeceline.fr\/wp-content\/uploads\/2024\/10\/ODC-logo-sauge.png","width":1182,"height":1182,"caption":"L'Oasis de C\u00e9line"},"image":{"@id":"https:\/\/www.loasisdeceline.fr\/#\/schema\/logo\/image\/"},"sameAs":["https:\/\/www.instagram.com\/loasis.de.celine\/"]},{"@type":"Person","@id":"https:\/\/www.loasisdeceline.fr\/#\/schema\/person\/fa5a67321e6953b557d94ff36343fd0b","name":"C\u00e9line Jimenez","image":{"@type":"ImageObject","inLanguage":"es","@id":"https:\/\/secure.gravatar.com\/avatar\/2ce21eb196a74a586b8400edded3ea4e8f5856f96a45eb1609a75d9dbff71a89?s=96&d=mm&r=g","url":"https:\/\/secure.gravatar.com\/avatar\/2ce21eb196a74a586b8400edded3ea4e8f5856f96a45eb1609a75d9dbff71a89?s=96&d=mm&r=g","contentUrl":"https:\/\/secure.gravatar.com\/avatar\/2ce21eb196a74a586b8400edded3ea4e8f5856f96a45eb1609a75d9dbff71a89?s=96&d=mm&r=g","caption":"C\u00e9line Jimenez"},"url":"https:\/\/www.loasisdeceline.fr\/es\/author\/oasis2cb\/"}]}},"uagb_featured_image_src":{"full":["https:\/\/www.loasisdeceline.fr\/wp-content\/uploads\/2026\/04\/solitude-postpartum2.jpeg",1000,667,false],"thumbnail":["https:\/\/www.loasisdeceline.fr\/wp-content\/uploads\/2026\/04\/solitude-postpartum2-150x150.jpeg",150,150,true],"medium":["https:\/\/www.loasisdeceline.fr\/wp-content\/uploads\/2026\/04\/solitude-postpartum2-300x200.jpeg",300,200,true],"medium_large":["https:\/\/www.loasisdeceline.fr\/wp-content\/uploads\/2026\/04\/solitude-postpartum2-768x512.jpeg",768,512,true],"large":["https:\/\/www.loasisdeceline.fr\/wp-content\/uploads\/2026\/04\/solitude-postpartum2.jpeg",1000,667,false],"1536x1536":["https:\/\/www.loasisdeceline.fr\/wp-content\/uploads\/2026\/04\/solitude-postpartum2.jpeg",1000,667,false],"2048x2048":["https:\/\/www.loasisdeceline.fr\/wp-content\/uploads\/2026\/04\/solitude-postpartum2.jpeg",1000,667,false],"trp-custom-language-flag":["https:\/\/www.loasisdeceline.fr\/wp-content\/uploads\/2026\/04\/solitude-postpartum2-18x12.jpeg",18,12,true]},"uagb_author_info":{"display_name":"C\u00e9line Jimenez","author_link":"https:\/\/www.loasisdeceline.fr\/es\/author\/oasis2cb\/"},"uagb_comment_info":0,"uagb_excerpt":"4 mn La solitude en post-partum: on t\u2019a parl\u00e9 de l\u2019accouchement, de la valise, du projet de naissance, du retour \u00e0 la maison&#8230;Mais ce moment pr\u00e9cis, celui o\u00f9 tout retombe une fois la porte ferm\u00e9e, on en parle beaucoup moins. La fatigue est l\u00e0. Les \u00e9motions aussi. Et parfois, sans pr\u00e9venir, une sensation plus diffuse&hellip;","_links":{"self":[{"href":"https:\/\/www.loasisdeceline.fr\/es\/wp-json\/wp\/v2\/posts\/20680","targetHints":{"allow":["GET"]}}],"collection":[{"href":"https:\/\/www.loasisdeceline.fr\/es\/wp-json\/wp\/v2\/posts"}],"about":[{"href":"https:\/\/www.loasisdeceline.fr\/es\/wp-json\/wp\/v2\/types\/post"}],"author":[{"embeddable":true,"href":"https:\/\/www.loasisdeceline.fr\/es\/wp-json\/wp\/v2\/users\/2"}],"replies":[{"embeddable":true,"href":"https:\/\/www.loasisdeceline.fr\/es\/wp-json\/wp\/v2\/comments?post=20680"}],"version-history":[{"count":54,"href":"https:\/\/www.loasisdeceline.fr\/es\/wp-json\/wp\/v2\/posts\/20680\/revisions"}],"predecessor-version":[{"id":21064,"href":"https:\/\/www.loasisdeceline.fr\/es\/wp-json\/wp\/v2\/posts\/20680\/revisions\/21064"}],"wp:featuredmedia":[{"embeddable":true,"href":"https:\/\/www.loasisdeceline.fr\/es\/wp-json\/wp\/v2\/media\/20751"}],"wp:attachment":[{"href":"https:\/\/www.loasisdeceline.fr\/es\/wp-json\/wp\/v2\/media?parent=20680"}],"wp:term":[{"taxonomy":"category","embeddable":true,"href":"https:\/\/www.loasisdeceline.fr\/es\/wp-json\/wp\/v2\/categories?post=20680"},{"taxonomy":"post_tag","embeddable":true,"href":"https:\/\/www.loasisdeceline.fr\/es\/wp-json\/wp\/v2\/tags?post=20680"}],"curies":[{"name":"wp","href":"https:\/\/api.w.org\/{rel}","templated":true}]}}